{"id":261316,"date":"2020-02-03T13:38:16","date_gmt":"2020-02-03T12:38:16","guid":{"rendered":"https:\/\/www.radioluna.it\/news\/?p=261316"},"modified":"2020-02-03T15:40:36","modified_gmt":"2020-02-03T14:40:36","slug":"latina-infilitrazioni-nei-locali-della-mensa-sospeso-il-servizio-alla-celli-di-piazza-moro","status":"publish","type":"post","link":"https:\/\/www.radioluna.it\/news\/2020\/02\/latina-infilitrazioni-nei-locali-della-mensa-sospeso-il-servizio-alla-celli-di-piazza-moro\/","title":{"rendered":"Latina, infilitrazioni nei locali della mensa, sospeso il servizio alla Celli di Piazza Moro"},"content":{"rendered":"<div id=\"fb-root\"><\/div>\n<p style=\"text-align: justify;\"><strong>LATINA<\/strong> &#8211; <strong>Ci sono infiltrazioni nei locali della mensa<\/strong> e per oggi la dirigente scolastica Elisabetta Burchietti ha sospeso il servizio: &#8220;Si comunica che a causa di inagibilit\u00e0 del locale mensa del <strong>plesso dell\u2019infanzia A.F. Celli di Piazza Moro,<\/strong> il servizio mensa \u00e8 sospeso da oggi 3 febbraio 2020 fino a nuova comunicazione. Gli alunni usciranno alle ore: 13.00&#8243;, si legge nel provvedimento.<br \/>\n<strong>La ditta incaricata dal Comune sta compiendo intanto un primo sopralluogo al termine del quale saranno date ulteriori informazioni.<\/strong> Se dovranno essere effettuati lavori di impermeabilizzazione del tetto in entrambi i locali utilizzati, bisogner\u00e0 studiare un piano B, oppure rimandare a casa i bambini all&#8217;ora di pranzo. Mentre nel caso che sia un solo locale a richiedere l&#8217;intervento allora sar\u00e0 possibile stabilire una doppia turnazione e l&#8217;impatto sull&#8217;utenza sar\u00e0 pi\u00f9 soft.<\/p>\n<p style=\"text-align: justify;\">&#8220;Se dal sopralluogo entrambi i locali dovessero risultare inagibili, agli studenti verranno servite monoporzioni in classe in attesa dell\u2019esecuzione dei lavori di ripristino dei luoghi. Se invece almeno uno dei due locali dovesse risultare agibile, la Direzione scolastica consentir\u00e0 l\u2019accesso alla mensa ai ragazzi dividendoli in due turni, sempre per tutto il periodo necessario all\u2019esecuzione dei lavori&#8221;, spiegano dal Comune.<\/p>\n<p style=\"text-align: justify;\">&#8220;Come avvenuto per la Rodari prima di Natale, cercheremo di essere massimamente celeri nei lavori per ridurre al minimo il disagio delle famiglie&#8221;,\u00a0 \u00a0ha detto l&#8217;assessore Proietti.<\/p>\n<p style=\"text-align: justify;\">E\u2019 bastata la pioggia di venerd\u00ec notte a far precipitare le condizioni del tetto del plesso che fa parte del Circolo Torquato Tasso.<\/p>\n<div class=\"radio-posizionamento-telefono-in-articoli-dopo-il-contenuto-articolo radio-entity-placement\" id=\"radio-959557754\"><div id=\"radio-1454274212\" style=\"width: 300px;height: 250px;\"><a href=\"https:\/\/www.icarspa.it\/auto\/usate\/latina\/\" aria-label=\"banner aprile icar new life &#8211; auto usate latina\"><img loading=\"lazy\" decoding=\"async\" src=\"https:\/\/www.radioluna.it\/news\/wp-content\/uploads\/2026\/02\/banner-aprile-icar-new-life-auto-usate-latina.gif\" alt=\"\"  width=\"300\" height=\"250\"   \/><\/a><\/div><\/div>","protected":false},"excerpt":{"rendered":"<p>LATINA &#8211; Ci sono infiltrazioni nei locali della mensa e per oggi la dirigente scolastica Elisabetta Burchietti ha sospeso il servizio: &#8220;Si comunica che a causa di inagibilit\u00e0 del locale mensa del plesso dell\u2019infanzia A.F. Celli di Piazza Moro, il servizio mensa \u00e8 sospeso da oggi 3 febbraio 2020 fino a nuova comunicazione. Gli alunni [&hellip;]<\/p>\n","protected":false},"author":62,"featured_media":261317,"comment_status":"open","ping_status":"open","sticky":false,"template":"","format":"standard","meta":{"footnotes":""},"categories":[248],"tags":[],"class_list":["post-261316","post","type-post","status-publish","format-standard","has-post-thumbnail","hentry","category-istruzione"],"_links":{"self":[{"href":"https:\/\/www.radioluna.it\/news\/wp-json\/wp\/v2\/posts\/261316","targetHints":{"allow":["GET"]}}],"collection":[{"href":"https:\/\/www.radioluna.it\/news\/wp-json\/wp\/v2\/posts"}],"about":[{"href":"https:\/\/www.radioluna.it\/news\/wp-json\/wp\/v2\/types\/post"}],"author":[{"embeddable":true,"href":"https:\/\/www.radioluna.it\/news\/wp-json\/wp\/v2\/users\/62"}],"replies":[{"embeddable":true,"href":"https:\/\/www.radioluna.it\/news\/wp-json\/wp\/v2\/comments?post=261316"}],"version-history":[{"count":0,"href":"https:\/\/www.radioluna.it\/news\/wp-json\/wp\/v2\/posts\/261316\/revisions"}],"wp:featuredmedia":[{"embeddable":true,"href":"https:\/\/www.radioluna.it\/news\/wp-json\/wp\/v2\/media\/261317"}],"wp:attachment":[{"href":"https:\/\/www.radioluna.it\/news\/wp-json\/wp\/v2\/media?parent=261316"}],"wp:term":[{"taxonomy":"category","embeddable":true,"href":"https:\/\/www.radioluna.it\/news\/wp-json\/wp\/v2\/categories?post=261316"},{"taxonomy":"post_tag","embeddable":true,"href":"https:\/\/www.radioluna.it\/news\/wp-json\/wp\/v2\/tags?post=261316"}],"curies":[{"name":"wp","href":"https:\/\/api.w.org\/{rel}","templated":true}]}}