{"id":261396,"date":"2020-02-04T14:55:14","date_gmt":"2020-02-04T13:55:14","guid":{"rendered":"https:\/\/www.radioluna.it\/news\/?p=261396"},"modified":"2020-02-06T07:48:33","modified_gmt":"2020-02-06T06:48:33","slug":"la-regione-lazio-conferma-nuovo-ospedale-di-latina-e-del-golfo","status":"publish","type":"post","link":"https:\/\/www.radioluna.it\/news\/2020\/02\/la-regione-lazio-conferma-nuovo-ospedale-di-latina-e-del-golfo\/","title":{"rendered":"La Regione Lazio conferma: &#8220;S\u00ec ai nuovi ospedali di Latina e del Golfo&#8221;"},"content":{"rendered":"<div id=\"fb-root\"><\/div>\n<p style=\"text-align: justify;\"><strong>LATINA<\/strong> &#8211;\u00a0 \u201cNella nuova programmazione della Sanit\u00e0 laziale esposta oggi in consiglio regionale dall\u2019assessore Alessio D\u2019Amato, \u00e8 confermata la presenza del nuovo ospedale di Latina e dell\u2019ospedale del Golfo&#8221;.\u00a0 Lo riferisce il consigliere regionale pontino del Pd Enrico Forte, aggiungendo che &#8220;il primo obiettivo da raggiungere \u00e8 l&#8217;aumento della quota capitaria&#8221;, decisamente troppo bassa per la Asl di Latina. &#8220;Pi\u00f9 soldi stanziati per ogni cittadino pontino, vuole dire migliorare le prestazioni e le cure che possono essere offerte in ambito pubblico&#8221;.<\/p>\n<p style=\"text-align: justify;\">&#8220;Per quanto riguarda il capoluogo, ritengo importante per la comunit\u00e0 provinciale e per la Sanit\u00e0 del Lazio avviare da subito un percorso che porti alla realizzazione di una struttura pi\u00f9 moderna, adeguata alle mutate esigenze della popolazione pontina, con la giusta localizzazione e i giusti spazi\u00a0 &#8211; scrive Forte in una nota &#8211;\u00a0 Una conferma, quella di D\u2019Amato, che arriva a ridosso dell\u2019uscita dal commissariamento della Sanit\u00e0, bloccata per anni da un maxi debito recuperato con moltissimi sacrifici da parte dei cittadini e degli operatori. Nuove assunzioni e nuove risorse economiche potranno, negli anni, determinare un sensibile miglioramento della sanit\u00e0 pontina, che per\u00f2 dovr\u00e0 essere giustamente presa in considerazione&#8221;.<\/p>\n<p style=\"text-align: justify;\">Forte invita il sindaco di Latina Damiano Coletta nella sua veste di presidente della conferenza dei sindaci di Latina &#8220;a dare seguito a quanto gi\u00e0 richiesto mesi fa, ovvero una convocazione dei primi cittadini della provincia affinch\u00e8 si possa dare il via in maniera concreta e condivisa ad una interlocuzione con la Regione per aumentare le risorse economiche destinate alla provincia di Latina\u201d.<\/p>\n","protected":false},"excerpt":{"rendered":"<p>LATINA &#8211;\u00a0 \u201cNella nuova programmazione della Sanit\u00e0 laziale esposta oggi in consiglio regionale dall\u2019assessore Alessio D\u2019Amato, \u00e8 confermata la presenza del nuovo ospedale di Latina e dell\u2019ospedale del Golfo&#8221;.\u00a0 Lo riferisce il consigliere regionale pontino del Pd Enrico Forte, aggiungendo che &#8220;il primo obiettivo da raggiungere \u00e8 l&#8217;aumento della quota capitaria&#8221;, decisamente troppo bassa per [&hellip;]<\/p>\n","protected":false},"author":62,"featured_media":212851,"comment_status":"open","ping_status":"open","sticky":false,"template":"","format":"standard","meta":{"footnotes":""},"categories":[7],"tags":[],"class_list":["post-261396","post","type-post","status-publish","format-standard","has-post-thumbnail","hentry","category-cronaca"],"_links":{"self":[{"href":"https:\/\/www.radioluna.it\/news\/wp-json\/wp\/v2\/posts\/261396","targetHints":{"allow":["GET"]}}],"collection":[{"href":"https:\/\/www.radioluna.it\/news\/wp-json\/wp\/v2\/posts"}],"about":[{"href":"https:\/\/www.radioluna.it\/news\/wp-json\/wp\/v2\/types\/post"}],"author":[{"embeddable":true,"href":"https:\/\/www.radioluna.it\/news\/wp-json\/wp\/v2\/users\/62"}],"replies":[{"embeddable":true,"href":"https:\/\/www.radioluna.it\/news\/wp-json\/wp\/v2\/comments?post=261396"}],"version-history":[{"count":0,"href":"https:\/\/www.radioluna.it\/news\/wp-json\/wp\/v2\/posts\/261396\/revisions"}],"wp:featuredmedia":[{"embeddable":true,"href":"https:\/\/www.radioluna.it\/news\/wp-json\/wp\/v2\/media\/212851"}],"wp:attachment":[{"href":"https:\/\/www.radioluna.it\/news\/wp-json\/wp\/v2\/media?parent=261396"}],"wp:term":[{"taxonomy":"category","embeddable":true,"href":"https:\/\/www.radioluna.it\/news\/wp-json\/wp\/v2\/categories?post=261396"},{"taxonomy":"post_tag","embeddable":true,"href":"https:\/\/www.radioluna.it\/news\/wp-json\/wp\/v2\/tags?post=261396"}],"curies":[{"name":"wp","href":"https:\/\/api.w.org\/{rel}","templated":true}]}}