{"id":261453,"date":"2020-02-04T20:15:30","date_gmt":"2020-02-04T19:15:30","guid":{"rendered":"https:\/\/www.radioluna.it\/news\/?p=261453"},"modified":"2020-02-04T20:15:30","modified_gmt":"2020-02-04T19:15:30","slug":"leuroparlamentare-procaccini-si-dimette-da-assessore-a-terracina","status":"publish","type":"post","link":"https:\/\/www.radioluna.it\/news\/2020\/02\/leuroparlamentare-procaccini-si-dimette-da-assessore-a-terracina\/","title":{"rendered":"L&#8217;europarlamentare Procaccini si dimette da assessore a Terracina"},"content":{"rendered":"<div id=\"fb-root\"><\/div>\n<p style=\"text-align: justify;\"><strong>TERRACINA<\/strong> &#8211; L\u2019europarlamentare Nicola Procaccini si dimette da assessore all\u2019attuazione del programma ruolo che ricopre da quando ha dovuto rinunciare alla carica di sindaco di Terracina per accettare il posto nel Parlamento Europeo.<\/p>\n<p style=\"text-align: justify;\">\u201cNell\u2019Amministrazione si apre l\u2019ultima fase della della finalizzazione delle attivit\u00e0 pi\u00f9 importanti messe in campo durante la consiliatura inauguratasi nel 2016. Per questo motivo ho rassegnato al sindaco \u201cfacente funzioni\u201d Roberta Tintari la delega all\u2019Attuazione del Programma _ spiega in una nota l\u2019ex sindaco &#8211; Sar\u00f2 sempre a disposizione di Roberta per ogni necessit\u00e0, ma \u00e8 giusto che sia lei a farsi carico, insieme ai suoi assessori, del completamento del nostro programma amministrativo&#8221;.<\/p>\n<p style=\"text-align: justify;\">Il posto occupato fino ad oggi da Procaccini in giunta verr\u00e0 ricoperto da Patrizio Avelli.<\/p>\n<p>&nbsp;<\/p>\n","protected":false},"excerpt":{"rendered":"<p>TERRACINA &#8211; L\u2019europarlamentare Nicola Procaccini si dimette da assessore all\u2019attuazione del programma ruolo che ricopre da quando ha dovuto rinunciare alla carica di sindaco di Terracina per accettare il posto nel Parlamento Europeo. \u201cNell\u2019Amministrazione si apre l\u2019ultima fase della della finalizzazione delle attivit\u00e0 pi\u00f9 importanti messe in campo durante la consiliatura inauguratasi nel 2016. Per [&hellip;]<\/p>\n","protected":false},"author":60,"featured_media":254821,"comment_status":"open","ping_status":"open","sticky":false,"template":"","format":"standard","meta":{"footnotes":""},"categories":[8],"tags":[],"class_list":["post-261453","post","type-post","status-publish","format-standard","has-post-thumbnail","hentry","category-politica"],"_links":{"self":[{"href":"https:\/\/www.radioluna.it\/news\/wp-json\/wp\/v2\/posts\/261453","targetHints":{"allow":["GET"]}}],"collection":[{"href":"https:\/\/www.radioluna.it\/news\/wp-json\/wp\/v2\/posts"}],"about":[{"href":"https:\/\/www.radioluna.it\/news\/wp-json\/wp\/v2\/types\/post"}],"author":[{"embeddable":true,"href":"https:\/\/www.radioluna.it\/news\/wp-json\/wp\/v2\/users\/60"}],"replies":[{"embeddable":true,"href":"https:\/\/www.radioluna.it\/news\/wp-json\/wp\/v2\/comments?post=261453"}],"version-history":[{"count":0,"href":"https:\/\/www.radioluna.it\/news\/wp-json\/wp\/v2\/posts\/261453\/revisions"}],"wp:featuredmedia":[{"embeddable":true,"href":"https:\/\/www.radioluna.it\/news\/wp-json\/wp\/v2\/media\/254821"}],"wp:attachment":[{"href":"https:\/\/www.radioluna.it\/news\/wp-json\/wp\/v2\/media?parent=261453"}],"wp:term":[{"taxonomy":"category","embeddable":true,"href":"https:\/\/www.radioluna.it\/news\/wp-json\/wp\/v2\/categories?post=261453"},{"taxonomy":"post_tag","embeddable":true,"href":"https:\/\/www.radioluna.it\/news\/wp-json\/wp\/v2\/tags?post=261453"}],"curies":[{"name":"wp","href":"https:\/\/api.w.org\/{rel}","templated":true}]}}