{"id":261477,"date":"2020-02-05T12:23:33","date_gmt":"2020-02-05T11:23:33","guid":{"rendered":"https:\/\/www.radioluna.it\/news\/?p=261477"},"modified":"2020-02-05T12:23:33","modified_gmt":"2020-02-05T11:23:33","slug":"dispersione-scolastica-40mila-euro-per-un-progetto-della-provincia-di-latina","status":"publish","type":"post","link":"https:\/\/www.radioluna.it\/news\/2020\/02\/dispersione-scolastica-40mila-euro-per-un-progetto-della-provincia-di-latina\/","title":{"rendered":"Dispersione scolastica, 40mila euro per un progetto della Provincia di Latina"},"content":{"rendered":"<div id=\"fb-root\"><\/div>\n<p style=\"text-align: justify;\"><strong>LATINA<\/strong> &#8211; La Provincia di Latina ha ottenuto un finanziamento di 40mila euro quale contributo al progetto denominato \u201cDROP IN \u2013 Azioni integrate per combattere la dispersione scolastica in provincia di Latina\u201d.<\/p>\n<p style=\"text-align: justify;\">A darne comunicazione questa mattina il direttore generale dell\u2019Upi, Unione Province Italiane, che ha reso noto che la Commissione di Valutazione dei progetti presentati a valere sull\u2019inziativa Azione Province Giovani 2019, come passo conseguente alla conclusione dei lavori, ha predisposto la graduatoria finale. Il progetto presentato da via Costa \u00e8 tra quelli ammessi al finanziamento che ammonta ad un contributo complessivo di 40mila euro.<\/p>\n<p style=\"text-align: justify;\">Tra le diverse opzioni offerte dall\u2019avviso pubblico dell\u2019Upi e della Presidenza del Consiglio dei Ministri c\u2019era quello del contrasto alla dispersione scolastica e alla maggiore occupabilit\u00e0 attraverso progetti che puntassero a favorire l\u2019occupazione e l\u2019accesso al lavoro promuovendo talenti, creativit\u00e0 e spirito imprenditoriale per sviluppare nuovi profili professionali. Ed \u00e8 su questo profilo che si \u00e8 sviluppato il progetto della Provincia di Latina.<\/p>\n<p style=\"text-align: justify;\">\u201cL\u2019ammissibilit\u00e0 di questo progetto ai finanziamenti dell\u2019Upi \u2013 commenta il presidente Carlo Medici \u2013 rappresenta motivo di soddisfazione per il nostro ente che potr\u00e0 quindi dare seguito alla proposta presentata come strumento di intervento e miglioramento delle politiche giovanili nell\u2019ambito della lotta alla dispersione scolastica\u201d.<\/p>\n<p>&nbsp;<\/p>\n<div class=\"radio-posizionamento-telefono-in-articoli-dopo-il-contenuto-articolo radio-entity-placement\" id=\"radio-1362833966\"><div id=\"radio-3947504542\" style=\"width: 300px;height: 250px;\"><a href=\"https:\/\/www.icarspa.it\/auto\/usate\/latina\/\" aria-label=\"banner aprile icar new life &#8211; auto usate latina\"><img loading=\"lazy\" decoding=\"async\" src=\"https:\/\/www.radioluna.it\/news\/wp-content\/uploads\/2026\/02\/banner-aprile-icar-new-life-auto-usate-latina.gif\" alt=\"\"  width=\"300\" height=\"250\"   \/><\/a><\/div><\/div>","protected":false},"excerpt":{"rendered":"<p>LATINA &#8211; La Provincia di Latina ha ottenuto un finanziamento di 40mila euro quale contributo al progetto denominato \u201cDROP IN \u2013 Azioni integrate per combattere la dispersione scolastica in provincia di Latina\u201d. A darne comunicazione questa mattina il direttore generale dell\u2019Upi, Unione Province Italiane, che ha reso noto che la Commissione di Valutazione dei progetti [&hellip;]<\/p>\n","protected":false},"author":62,"featured_media":84705,"comment_status":"open","ping_status":"open","sticky":false,"template":"","format":"standard","meta":{"footnotes":""},"categories":[248],"tags":[],"class_list":["post-261477","post","type-post","status-publish","format-standard","has-post-thumbnail","hentry","category-istruzione"],"_links":{"self":[{"href":"https:\/\/www.radioluna.it\/news\/wp-json\/wp\/v2\/posts\/261477","targetHints":{"allow":["GET"]}}],"collection":[{"href":"https:\/\/www.radioluna.it\/news\/wp-json\/wp\/v2\/posts"}],"about":[{"href":"https:\/\/www.radioluna.it\/news\/wp-json\/wp\/v2\/types\/post"}],"author":[{"embeddable":true,"href":"https:\/\/www.radioluna.it\/news\/wp-json\/wp\/v2\/users\/62"}],"replies":[{"embeddable":true,"href":"https:\/\/www.radioluna.it\/news\/wp-json\/wp\/v2\/comments?post=261477"}],"version-history":[{"count":0,"href":"https:\/\/www.radioluna.it\/news\/wp-json\/wp\/v2\/posts\/261477\/revisions"}],"wp:featuredmedia":[{"embeddable":true,"href":"https:\/\/www.radioluna.it\/news\/wp-json\/wp\/v2\/media\/84705"}],"wp:attachment":[{"href":"https:\/\/www.radioluna.it\/news\/wp-json\/wp\/v2\/media?parent=261477"}],"wp:term":[{"taxonomy":"category","embeddable":true,"href":"https:\/\/www.radioluna.it\/news\/wp-json\/wp\/v2\/categories?post=261477"},{"taxonomy":"post_tag","embeddable":true,"href":"https:\/\/www.radioluna.it\/news\/wp-json\/wp\/v2\/tags?post=261477"}],"curies":[{"name":"wp","href":"https:\/\/api.w.org\/{rel}","templated":true}]}}