{"id":261493,"date":"2020-02-05T16:21:22","date_gmt":"2020-02-05T15:21:22","guid":{"rendered":"https:\/\/www.radioluna.it\/news\/?p=261493"},"modified":"2020-02-05T16:21:22","modified_gmt":"2020-02-05T15:21:22","slug":"il-tar-boccia-il-comune-di-roma-e-rilancia-la-roma-latina","status":"publish","type":"post","link":"https:\/\/www.radioluna.it\/news\/2020\/02\/il-tar-boccia-il-comune-di-roma-e-rilancia-la-roma-latina\/","title":{"rendered":"Il Tar boccia il Comune di Roma e rilancia la Roma &#8211; Latina"},"content":{"rendered":"<div id=\"fb-root\"><\/div>\n<p style=\"text-align: justify;\"><strong>LATINA &#8211;<\/strong> \u201cUn ulteriore passo in avanti per la realizzazione dell\u2019autostrada Roma-Latina. La seconda sezione del Tar di Roma ha accolto un ricorso di Autostrade del Lazio spa che ha impugnato una nota del Comune di Roma Capitale con la quale si disponeva il diniego di nulla osta alla realizzazione del corridoio intermodale Roma-Latina e della bretella Cisterna-Valmontone. In particolare il diniego di nulla osta si basava sul parere negativo della commissione di riserva naturale relativamente al progetto definitivo della tratta 1 (7 km di collegamento dell\u2019autostrada per consentire l\u2019allaccio diretto all\u2019A12 Roma-Civitavecchia). Questo tratto \u00e8 bene ricordarlo, insieme alla tratta Tor d\u00e8 Cenci-Latina \u00e8 parte integrante del Corridoio intermodale Roma-Latina. E il progetto complessivo non pu\u00f2 essere considerato come somma di due tratte autonome e indipendenti ma va realizzato interamente &#8211; lo dice il consigliere regionale Giuseppe Simeone &#8211; A tal riguardo ritengo opportuno lanciare un appello affinch\u00e9 venga aperta una fase nuova di interlocuzione fra tutti gli enti coinvolti in questa operazione. Magari prevedendo come soluzione ragionevole, quella di avviare i lavori del Corridoio intermodale da borgo Piave.<br \/>\nMi preme ribadire inoltre come i tempi siano sempre pi\u00f9 stringenti. I cantieri devono partire entro la scadenza del vincolo preordinato all&#8217;esproprio, fissato per ottobre 2020, altrimenti ogni sforzo rischia di essere vanificato.<br \/>\nCome esponente istituzionale della Regione Lazio, eletto in provincia di Latina, considero primario il raggiungimento di un obiettivo non pi\u00f9 rinviabile e di vitale importanza per le comunit\u00e0 che mi onoro di rappresentare. L\u2019attuale strada statale Pontina non \u00e8 pi\u00f9 adeguata a sostenere il carico di traffico a cui \u00e8 sottoposta soprattutto sotto il profilo della sicurezza. Le imprese locali, prive di collegamenti rapidi e sicuri, non hanno ormai pi\u00f9 ossigeno per sopravvivere. Di tempo ne \u00e8 stato perso sin troppo e la realizzazione della Roma-Latina non pu\u00f2 essere rinviata ulteriormente. Il ritardo accumulato tra corsi e ricorsi, polemiche a volte strumentali, si \u00e8 tradotto in una ferita aperta nel tessuto imprenditoriale di una Regione, come il Lazio, e di una provincia, come quella di Latina, che sono tagliate fuori dall\u2019Italia e dall\u2019Europa. E\u2019 in gioco la sopravvivenza stessa di un intero territorio, di migliaia di aziende e di cittadini che meritano risposte risolutive ed immediate\u201d, conclude Giuseppe Simeone, capogruppo di Forza Italia al Consiglio regionale del Lazio e presidente della commissione Sanit\u00e0, politiche sociali, integrazione sociosanitaria e welfare.<\/p>\n","protected":false},"excerpt":{"rendered":"<p>LATINA &#8211; \u201cUn ulteriore passo in avanti per la realizzazione dell\u2019autostrada Roma-Latina. La seconda sezione del Tar di Roma ha accolto un ricorso di Autostrade del Lazio spa che ha impugnato una nota del Comune di Roma Capitale con la quale si disponeva il diniego di nulla osta alla realizzazione del corridoio intermodale Roma-Latina e [&hellip;]<\/p>\n","protected":false},"author":60,"featured_media":246620,"comment_status":"open","ping_status":"open","sticky":false,"template":"","format":"standard","meta":{"footnotes":""},"categories":[8],"tags":[],"class_list":["post-261493","post","type-post","status-publish","format-standard","has-post-thumbnail","hentry","category-politica"],"_links":{"self":[{"href":"https:\/\/www.radioluna.it\/news\/wp-json\/wp\/v2\/posts\/261493","targetHints":{"allow":["GET"]}}],"collection":[{"href":"https:\/\/www.radioluna.it\/news\/wp-json\/wp\/v2\/posts"}],"about":[{"href":"https:\/\/www.radioluna.it\/news\/wp-json\/wp\/v2\/types\/post"}],"author":[{"embeddable":true,"href":"https:\/\/www.radioluna.it\/news\/wp-json\/wp\/v2\/users\/60"}],"replies":[{"embeddable":true,"href":"https:\/\/www.radioluna.it\/news\/wp-json\/wp\/v2\/comments?post=261493"}],"version-history":[{"count":0,"href":"https:\/\/www.radioluna.it\/news\/wp-json\/wp\/v2\/posts\/261493\/revisions"}],"wp:featuredmedia":[{"embeddable":true,"href":"https:\/\/www.radioluna.it\/news\/wp-json\/wp\/v2\/media\/246620"}],"wp:attachment":[{"href":"https:\/\/www.radioluna.it\/news\/wp-json\/wp\/v2\/media?parent=261493"}],"wp:term":[{"taxonomy":"category","embeddable":true,"href":"https:\/\/www.radioluna.it\/news\/wp-json\/wp\/v2\/categories?post=261493"},{"taxonomy":"post_tag","embeddable":true,"href":"https:\/\/www.radioluna.it\/news\/wp-json\/wp\/v2\/tags?post=261493"}],"curies":[{"name":"wp","href":"https:\/\/api.w.org\/{rel}","templated":true}]}}