{"id":261528,"date":"2020-02-06T16:27:28","date_gmt":"2020-02-06T15:27:28","guid":{"rendered":"https:\/\/www.radioluna.it\/news\/?p=261528"},"modified":"2020-02-06T16:27:28","modified_gmt":"2020-02-06T15:27:28","slug":"risonanza-magnetica-attiva-al-dono-svizzero-di-formia","status":"publish","type":"post","link":"https:\/\/www.radioluna.it\/news\/2020\/02\/risonanza-magnetica-attiva-al-dono-svizzero-di-formia\/","title":{"rendered":"Risonanza magnetica attiva al Dono Svizzero di Formia"},"content":{"rendered":"<div id=\"fb-root\"><\/div>\n<p style=\"text-align: justify;\"><strong>FORMIA<\/strong> &#8211; Non \u00e8 stata certo una passeggiata, ma alla fine il Dono Svizzero di Formia ha la sua risonanza magnetica. La notizia, annunciata come imminente dal direttore generale della Asl di Latina Giorgio Casati, nei giorni scorsi,\u00a0 \u00e8 stata confermata sul campo, dalle prime prestazioni eseguite mercoled\u00ec presso il nosocomio. Casati nell&#8217;occasione della presentazione dei &#8220;Dialoghi sulla sanit\u00e0 pontina&#8221; &#8211; terza edizione del programma annuale di seminari di formazione rivolti a operatori della comunicazione e sanitari\u00a0 &#8211; aveva rimarcato che &#8220;con tutti i limiti e le carenze dovuti al lungo commissariamento, la sanit\u00e0 pontina sta cercando di risolvere i suoi problemi&#8221; e aveva indicato l&#8217;attivazione della risonanza magnetica a Formia come un primissimo traguardo.<\/p>\n<p style=\"text-align: justify;\">&#8220;Siamo felici del fatto che finalmente, dopo tanto tempo, possa partire un servizio cos\u00ec importante presso il DEA di Formia &#8211; commenta il Pd locale &#8211; Un servizio che, a quanto si apprende dall&#8217;azienda sanitaria, andr\u00e0 a pieno regime a partire da marzo. Dobbiamo dirci con franchezza che questo \u00e8 solo un primo passo. \u00c8 stata una stagione complessa, in cui molti servizi sono stati penalizzati e fortemente ridimensionati. Pertanto, ci aspettiamo che da ora in avanti, con una gestione oculata, si apra la fase degli investimenti. Bene la risonanza, cui deve per\u00f2 seguire un ampliamento dei servizi e del personale, in particolare nei settori pi\u00f9 delicati. Uno su tutti? L&#8217;emodinamica, che deve arrivare ad essere operativa h24 nel minor tempo possibile&#8221;.<\/p>\n<p>&nbsp;<\/p>\n<div class=\"radio-posizionamento-telefono-in-articoli-dopo-il-contenuto-articolo radio-entity-placement\" id=\"radio-1930487892\"><div id=\"radio-1411913337\"><a href=\"https:\/\/grupporedi.it\/\" aria-label=\"Redi-Qr\"><img loading=\"lazy\" decoding=\"async\" src=\"https:\/\/www.radioluna.it\/news\/wp-content\/uploads\/2026\/03\/Redi-Qr.jpg\" alt=\"\"  srcset=\"https:\/\/www.radioluna.it\/news\/wp-content\/uploads\/2026\/03\/Redi-Qr.jpg 800w, https:\/\/www.radioluna.it\/news\/wp-content\/uploads\/2026\/03\/Redi-Qr-768x639.jpg 768w\" sizes=\"(max-width: 800px) 100vw, 800px\" width=\"300\" height=\"250\"   \/><\/a><\/div><\/div>","protected":false},"excerpt":{"rendered":"<p>FORMIA &#8211; Non \u00e8 stata certo una passeggiata, ma alla fine il Dono Svizzero di Formia ha la sua risonanza magnetica. La notizia, annunciata come imminente dal direttore generale della Asl di Latina Giorgio Casati, nei giorni scorsi,\u00a0 \u00e8 stata confermata sul campo, dalle prime prestazioni eseguite mercoled\u00ec presso il nosocomio. Casati nell&#8217;occasione della presentazione [&hellip;]<\/p>\n","protected":false},"author":62,"featured_media":11515,"comment_status":"open","ping_status":"open","sticky":false,"template":"","format":"standard","meta":{"footnotes":""},"categories":[2616],"tags":[],"class_list":["post-261528","post","type-post","status-publish","format-standard","has-post-thumbnail","hentry","category-sanita"],"_links":{"self":[{"href":"https:\/\/www.radioluna.it\/news\/wp-json\/wp\/v2\/posts\/261528","targetHints":{"allow":["GET"]}}],"collection":[{"href":"https:\/\/www.radioluna.it\/news\/wp-json\/wp\/v2\/posts"}],"about":[{"href":"https:\/\/www.radioluna.it\/news\/wp-json\/wp\/v2\/types\/post"}],"author":[{"embeddable":true,"href":"https:\/\/www.radioluna.it\/news\/wp-json\/wp\/v2\/users\/62"}],"replies":[{"embeddable":true,"href":"https:\/\/www.radioluna.it\/news\/wp-json\/wp\/v2\/comments?post=261528"}],"version-history":[{"count":0,"href":"https:\/\/www.radioluna.it\/news\/wp-json\/wp\/v2\/posts\/261528\/revisions"}],"wp:featuredmedia":[{"embeddable":true,"href":"https:\/\/www.radioluna.it\/news\/wp-json\/wp\/v2\/media\/11515"}],"wp:attachment":[{"href":"https:\/\/www.radioluna.it\/news\/wp-json\/wp\/v2\/media?parent=261528"}],"wp:term":[{"taxonomy":"category","embeddable":true,"href":"https:\/\/www.radioluna.it\/news\/wp-json\/wp\/v2\/categories?post=261528"},{"taxonomy":"post_tag","embeddable":true,"href":"https:\/\/www.radioluna.it\/news\/wp-json\/wp\/v2\/tags?post=261528"}],"curies":[{"name":"wp","href":"https:\/\/api.w.org\/{rel}","templated":true}]}}