{"id":261596,"date":"2020-02-07T08:31:59","date_gmt":"2020-02-07T07:31:59","guid":{"rendered":"https:\/\/www.radioluna.it\/news\/?p=261596"},"modified":"2020-02-07T10:13:15","modified_gmt":"2020-02-07T09:13:15","slug":"il-patron-di-conad-latina-premiato-dalla-croce-rossa","status":"publish","type":"post","link":"https:\/\/www.radioluna.it\/news\/2020\/02\/il-patron-di-conad-latina-premiato-dalla-croce-rossa\/","title":{"rendered":"Il patron di Conad Latina premiato dalla Croce Rossa"},"content":{"rendered":"<div id=\"fb-root\"><\/div>\n<p style=\"text-align: justify;\"><strong>LATINA &#8211;<\/strong> Il prossimo 8 febbraio il presidente del Comitato di Latina della CRI, Giancarlo Rufo, a nome di tutti i volontari CRI, consegner\u00e0 il Crest di Croce Rossa al signor Maurizio Marasca, titolare di alcuni dei punti vendita CONAD della provincia pontina. La consegna si terr\u00e0 alle 14.30 presso il punto vendita Conad di via Ezio a Latina. Si tratta di un gesto concreto di gratitudine per il suo continuo sostegno alle attivit\u00e0 di assistenza portata avanti dalla Croce Rossa Italiana a Latina.<\/p>\n<p style=\"font-weight: 400; text-align: justify;\">Infatti, Maurizio Marasca attraverso i Conad di Maros-Madimar da molti anni supporta le attivit\u00e0 del Comitato di Latina con importanti donazioni di prodotti alimentari che vengono distribuite ai pi\u00f9 bisognosi. Inoltre, la scorsa estate la sua collaborazione e quella del suo staff con i volontari CRI \u00e8 stata un essenziale fattore per la realizzazione del campo di formazione tenuto a San Felice Circeo.<\/p>\n<p style=\"font-weight: 400; text-align: justify;\">\u00abIl Crest che noi doniamo, oltre a portare il nostro Glorioso Emblema, riporta anche i 7 Principi fondamentali che guidano ed ispirano i volontari CRI in tutto il mondo\u00bb, ha spiegato il presidente Giancarlo Rufo.<\/p>\n<p style=\"font-weight: 400; text-align: justify;\">Il conferimento del Crest CRI ad Antonio Marasca sottolinea come la generosit\u00e0 dei privati pu\u00f2 essere un fattore determinante per conseguire gli obiettivi che mettono in prima persona l\u2019assistenza ai pi\u00f9 vulnerabili.<\/p>\n<p style=\"font-weight: 400; text-align: justify;\">Nel caso specifico, le derrate alimentari donate alla CRI di Latina sono impiegate per comporre i pacchi viveri che i volontari CRI distribuiscono a numerosi indigenti, il luned\u00ec mattina presso la sede del Comitato CRI, in via Ezio 73 a Latina.<\/p>\n","protected":false},"excerpt":{"rendered":"<p>LATINA &#8211; Il prossimo 8 febbraio il presidente del Comitato di Latina della CRI, Giancarlo Rufo, a nome di tutti i volontari CRI, consegner\u00e0 il Crest di Croce Rossa al signor Maurizio Marasca, titolare di alcuni dei punti vendita CONAD della provincia pontina. La consegna si terr\u00e0 alle 14.30 presso il punto vendita Conad di [&hellip;]<\/p>\n","protected":false},"author":60,"featured_media":261601,"comment_status":"open","ping_status":"open","sticky":false,"template":"","format":"standard","meta":{"footnotes":""},"categories":[16],"tags":[],"class_list":["post-261596","post","type-post","status-publish","format-standard","has-post-thumbnail","hentry","category-appuntamenti"],"_links":{"self":[{"href":"https:\/\/www.radioluna.it\/news\/wp-json\/wp\/v2\/posts\/261596","targetHints":{"allow":["GET"]}}],"collection":[{"href":"https:\/\/www.radioluna.it\/news\/wp-json\/wp\/v2\/posts"}],"about":[{"href":"https:\/\/www.radioluna.it\/news\/wp-json\/wp\/v2\/types\/post"}],"author":[{"embeddable":true,"href":"https:\/\/www.radioluna.it\/news\/wp-json\/wp\/v2\/users\/60"}],"replies":[{"embeddable":true,"href":"https:\/\/www.radioluna.it\/news\/wp-json\/wp\/v2\/comments?post=261596"}],"version-history":[{"count":0,"href":"https:\/\/www.radioluna.it\/news\/wp-json\/wp\/v2\/posts\/261596\/revisions"}],"wp:featuredmedia":[{"embeddable":true,"href":"https:\/\/www.radioluna.it\/news\/wp-json\/wp\/v2\/media\/261601"}],"wp:attachment":[{"href":"https:\/\/www.radioluna.it\/news\/wp-json\/wp\/v2\/media?parent=261596"}],"wp:term":[{"taxonomy":"category","embeddable":true,"href":"https:\/\/www.radioluna.it\/news\/wp-json\/wp\/v2\/categories?post=261596"},{"taxonomy":"post_tag","embeddable":true,"href":"https:\/\/www.radioluna.it\/news\/wp-json\/wp\/v2\/tags?post=261596"}],"curies":[{"name":"wp","href":"https:\/\/api.w.org\/{rel}","templated":true}]}}