{"id":261745,"date":"2020-02-10T08:55:53","date_gmt":"2020-02-10T07:55:53","guid":{"rendered":"https:\/\/www.radioluna.it\/news\/?p=261745"},"modified":"2020-02-10T08:55:53","modified_gmt":"2020-02-10T07:55:53","slug":"bit-a-milano-il-parco-nazionale-del-circeo-ce","status":"publish","type":"post","link":"https:\/\/www.radioluna.it\/news\/2020\/02\/bit-a-milano-il-parco-nazionale-del-circeo-ce\/","title":{"rendered":"Bit a Milano, il Parco Nazionale del Circeo c&#8217;\u00e8"},"content":{"rendered":"<div id=\"fb-root\"><\/div>\n<p style=\"text-align: justify;\"><strong>LATINA<\/strong> &#8211; Turismo responsabile all\u2019aria aperta \u00e8 il tema proposto dal Parco Nazionale del Circeo presente anche quest\u2019anno alla Bit di Milano, la Borsa Internazionale del Turismo alla quale prendono parte operatori turistici e viaggiatori da tutto il mondo. La rassegna ha preso il via ieri\u00a0 e fino a domani (marted\u00ec 11 febbraio) sar\u00e0 vetrina per il territorio pontino presso lo stand della Regione Lazio. Il Parco del Circeo, con i suoi ambienti, costituisce un unicum non solo per il territorio pontino ma anche anche italiano, cos\u00ec per il secondo anno consecutivo \u00e8 stato invitato nel Padiglione della Regione Lazio a Fieramilanocity.<\/p>\n<p style=\"text-align: justify;\">&#8220;Non esiste sulla Terra un&#8217;area geografica che contiene nei suoi perimetri una quantit\u00e0 di beni archeologici, ambientali, monumentali e storico come quella perimetrata dalla Regione Lazio&#8221;, ha detto il governatore del Lazio Nicola Zingaretti aggiungendo &#8220;Vogliamo rilanciare un modello di turismo che punta non solo al passato ma soprattutto a valorizzare il presente&#8221;.<\/p>\n<p style=\"text-align: justify;\">Il Padiglione 3 ospita lo \u201cSpazio Regione Lazio\u201d la cui offerta turistica si basa su tre pilastri: sostenibilt\u00e0, innovazione e accessibilit\u00e0. Lo stand, concepito nel pieno rispetto dell&#8217;ambiente, presenter\u00e0 il ricco patrimonio della regione attraverso un ricco e variegato programma di animazione fatto di incontri, degustazioni enogastronomiche, proposte e idee di viaggio. L&#8217;inaugurazione dello stand si terr\u00e0 domani, domenica 9 febbraio, alle ore 12:00 con il Presidente della Regione Lazio, Nicola Zingaretti; l&#8217;Assessora al Turismo e Pari Opportunit\u00e0 della Regione Lazio, Giovanna Pugliese; e il Presidente di Unioncamere Lazio, Lorenzo Tagliavanti.<\/p>\n<p style=\"text-align: justify;\">Il direttore dell&#8217;Ente Parco nazionale del Circeo, Paolo Cassola, parlando di turismo responsabile open air, ha illustrato le iniziative presenti e future sul territorio del Parco e non solo, e i progetti messi in campo per valorizzare le potenzialit\u00e0 turistiche in chiave ambientale e culturale. Il ricco programma della kermesse prevede poi uno spazio dedicato a due programmi turistici sostenibili al Circeo e alla Riviera di Ulisse, riuniti assieme al Progetto DestiMED, finanziato da Unione Europea e Regione Lazio, che raccoglie diversi operatori economici delle due aree protette. DestiMED coinvolge tredici aeree protette in diversi paesi europei per avviare una strategia di governance e promuovere offerte di ecoturismo, con standard di qualit\u00e0 interregionali armonizzati, con interventi a cura del tour operator Piccoli Passi con Elide Milani e per la Regione Lazio da Nicoletta Cutolo.<\/p>\n<p style=\"text-align: justify;\">Previste degustazioni organizzate e selezionate da Agro Camera con protagonisti i prodotti del Parco, dalla degustazione della filiera della bufala, sia derivati del latte che carne (salame, rag\u00f9 bianco di bufalina) coordinata dai fratelli Avagliano (Antico Mulino di San Felice Circeo) accompagnata da tante altre eccellenze del territorio come l&#8217;olio biologico di Paola Orsini e il vino della Cantina Sant&#8217;Andrea.<\/p>\n","protected":false},"excerpt":{"rendered":"<p>LATINA &#8211; Turismo responsabile all\u2019aria aperta \u00e8 il tema proposto dal Parco Nazionale del Circeo presente anche quest\u2019anno alla Bit di Milano, la Borsa Internazionale del Turismo alla quale prendono parte operatori turistici e viaggiatori da tutto il mondo. La rassegna ha preso il via ieri\u00a0 e fino a domani (marted\u00ec 11 febbraio) sar\u00e0 vetrina [&hellip;]<\/p>\n","protected":false},"author":62,"featured_media":253066,"comment_status":"open","ping_status":"open","sticky":false,"template":"","format":"standard","meta":{"footnotes":""},"categories":[16],"tags":[],"class_list":["post-261745","post","type-post","status-publish","format-standard","has-post-thumbnail","hentry","category-appuntamenti"],"_links":{"self":[{"href":"https:\/\/www.radioluna.it\/news\/wp-json\/wp\/v2\/posts\/261745","targetHints":{"allow":["GET"]}}],"collection":[{"href":"https:\/\/www.radioluna.it\/news\/wp-json\/wp\/v2\/posts"}],"about":[{"href":"https:\/\/www.radioluna.it\/news\/wp-json\/wp\/v2\/types\/post"}],"author":[{"embeddable":true,"href":"https:\/\/www.radioluna.it\/news\/wp-json\/wp\/v2\/users\/62"}],"replies":[{"embeddable":true,"href":"https:\/\/www.radioluna.it\/news\/wp-json\/wp\/v2\/comments?post=261745"}],"version-history":[{"count":0,"href":"https:\/\/www.radioluna.it\/news\/wp-json\/wp\/v2\/posts\/261745\/revisions"}],"wp:featuredmedia":[{"embeddable":true,"href":"https:\/\/www.radioluna.it\/news\/wp-json\/wp\/v2\/media\/253066"}],"wp:attachment":[{"href":"https:\/\/www.radioluna.it\/news\/wp-json\/wp\/v2\/media?parent=261745"}],"wp:term":[{"taxonomy":"category","embeddable":true,"href":"https:\/\/www.radioluna.it\/news\/wp-json\/wp\/v2\/categories?post=261745"},{"taxonomy":"post_tag","embeddable":true,"href":"https:\/\/www.radioluna.it\/news\/wp-json\/wp\/v2\/tags?post=261745"}],"curies":[{"name":"wp","href":"https:\/\/api.w.org\/{rel}","templated":true}]}}