{"id":261902,"date":"2020-02-12T11:18:15","date_gmt":"2020-02-12T10:18:15","guid":{"rendered":"https:\/\/www.radioluna.it\/news\/?p=261902"},"modified":"2020-02-12T11:18:15","modified_gmt":"2020-02-12T10:18:15","slug":"ventotene-protagonista-tra-la-finzione-in-the-new-pope-e-il-vero-crollo-a-cala-nave","status":"publish","type":"post","link":"https:\/\/www.radioluna.it\/news\/2020\/02\/ventotene-protagonista-tra-la-finzione-in-the-new-pope-e-il-vero-crollo-a-cala-nave\/","title":{"rendered":"Ventotene protagonista: tra la finzione in The New Pope e il vero crollo a Cala Nave"},"content":{"rendered":"<div id=\"fb-root\"><\/div>\n<p style=\"text-align: justify;\"><strong>LATINA<\/strong> &#8211; Ventotene protagonista, nella fiction e nella realt\u00e0. Mentre scorrono le immagini dell\u2019ultima puntata di The New Pope, girata sull&#8217;isola dove il cast diretto dal regista Paolo Sorrentino si era recato a primavera scorsa per le riprese dell&#8217;episodio ambientato nella scuola dove un gruppo di fondamentalisti prende in ostaggio sei bambini e il loro maestro, Don Antonio, Ventotene \u00e8 suo malgrado di nuovo al centro della cronaca, stavolta per la sua fragilit\u00e0. Si \u00e8 infatti distaccata una porzione della falesia di Cala Nave e il Comune ha emesso un&#8217;ordinanza di interdizione per\u00a0 un tratto della famosa e praticamente unica vera spiaggia dell&#8217;isola. Il sindaco Gerardo Santomauro si appella alla Regione Lazio perch\u00e9 intervenga al pi\u00f9 presto possibile.<\/p>\n<div class=\"radio-posizionamento-telefono-in-articoli-dopo-il-contenuto-articolo radio-entity-placement\" id=\"radio-370441400\"><div id=\"radio-1575488190\"><a href=\"https:\/\/www.simeoneceramiche.com\/\" aria-label=\"SIMEONE CERAMICHE GIF animata per radioluna_Tavola disegno 1 copia 2 (online-video-cutter.com)\"><img loading=\"lazy\" decoding=\"async\" src=\"https:\/\/www.radioluna.it\/news\/wp-content\/uploads\/2025\/05\/SIMEONE-CERAMICHE-GIF-animata-per-radioluna_Tavola-disegno-1-copia-2-online-video-cutter.com_.gif\" alt=\"\"  width=\"300\" height=\"250\"   \/><\/a><\/div><\/div>","protected":false},"excerpt":{"rendered":"<p>LATINA &#8211; Ventotene protagonista, nella fiction e nella realt\u00e0. Mentre scorrono le immagini dell\u2019ultima puntata di The New Pope, girata sull&#8217;isola dove il cast diretto dal regista Paolo Sorrentino si era recato a primavera scorsa per le riprese dell&#8217;episodio ambientato nella scuola dove un gruppo di fondamentalisti prende in ostaggio sei bambini e il loro [&hellip;]<\/p>\n","protected":false},"author":62,"featured_media":182677,"comment_status":"open","ping_status":"open","sticky":false,"template":"","format":"standard","meta":{"footnotes":""},"categories":[7],"tags":[],"class_list":["post-261902","post","type-post","status-publish","format-standard","has-post-thumbnail","hentry","category-cronaca"],"_links":{"self":[{"href":"https:\/\/www.radioluna.it\/news\/wp-json\/wp\/v2\/posts\/261902","targetHints":{"allow":["GET"]}}],"collection":[{"href":"https:\/\/www.radioluna.it\/news\/wp-json\/wp\/v2\/posts"}],"about":[{"href":"https:\/\/www.radioluna.it\/news\/wp-json\/wp\/v2\/types\/post"}],"author":[{"embeddable":true,"href":"https:\/\/www.radioluna.it\/news\/wp-json\/wp\/v2\/users\/62"}],"replies":[{"embeddable":true,"href":"https:\/\/www.radioluna.it\/news\/wp-json\/wp\/v2\/comments?post=261902"}],"version-history":[{"count":0,"href":"https:\/\/www.radioluna.it\/news\/wp-json\/wp\/v2\/posts\/261902\/revisions"}],"wp:featuredmedia":[{"embeddable":true,"href":"https:\/\/www.radioluna.it\/news\/wp-json\/wp\/v2\/media\/182677"}],"wp:attachment":[{"href":"https:\/\/www.radioluna.it\/news\/wp-json\/wp\/v2\/media?parent=261902"}],"wp:term":[{"taxonomy":"category","embeddable":true,"href":"https:\/\/www.radioluna.it\/news\/wp-json\/wp\/v2\/categories?post=261902"},{"taxonomy":"post_tag","embeddable":true,"href":"https:\/\/www.radioluna.it\/news\/wp-json\/wp\/v2\/tags?post=261902"}],"curies":[{"name":"wp","href":"https:\/\/api.w.org\/{rel}","templated":true}]}}