{"id":262095,"date":"2020-02-15T14:25:13","date_gmt":"2020-02-15T13:25:13","guid":{"rendered":"https:\/\/www.radioluna.it\/news\/?p=262095"},"modified":"2020-02-18T09:59:33","modified_gmt":"2020-02-18T08:59:33","slug":"case-di-quartiere-a-latina-i-cittadini-si-mettono-al-lavoro","status":"publish","type":"post","link":"https:\/\/www.radioluna.it\/news\/2020\/02\/case-di-quartiere-a-latina-i-cittadini-si-mettono-al-lavoro\/","title":{"rendered":"Case di quartiere a Latina, i cittadini si mettono al lavoro"},"content":{"rendered":"<div id=\"fb-root\"><\/div>\n<p style=\"text-align: justify;\"><strong>LATINA<\/strong> &#8211; Cinque case di quartiere ispirate a quelle gi\u00e0 attive a Torino, edifici dismessi, fatti oggetto di interventi di riqualificazione e messi a disposizione della comunit\u00e0 che dovr\u00e0 decidere come utilizzarli. Il progetto \u00e8 stato presentato venerd\u00ec 14 dicembre dal Comune di Latina che ha avviato la fase di co-progettazione alla quale potranno partecipare associazioni, comitati e singoli cittadini. I ragazzi parteciperanno anche con un contest su Instragram per indicare la loro idea.<\/p>\n<p style=\"text-align: justify;\">&#8220;I progetti dovranno essere sostenibili sotto tutti i punti di vista \u2013 spiega l\u2019assessora alla partecipazione Cristina Leggio \u2013 Prima si penser\u00e0 ai contenuti e alle finalit\u00e0, poi alla parte gestionale&#8221;. L&#8217;idea ispirata a quella virtuosa piemontese varata nel 2007 \u00e8 nata a Latina dalla sollecitazione arrivata dai residenti del quartiere di Via Milazzo per la gestione della ex scuola. Poi l&#8217;Amministrazione ha individuato le altre strutture grazie ad uno studio di fattibilit\u00e0 finanziato dal cosiddetto Progettone: l&#8217;ex casa Cantoniera di Borgo Sabotino, l&#8217;ex Cinema Enal di Latina Scalo, la ex tipografia di Viale XVIII Dicembre e lo spazio polifunzionale di Borgo Piave (quest&#8217;ultimo oggetto di un intervento di riqualificazione recente).\u00a0 Spazi di tutti, ma sede di nessuno, cos\u00ec come recita il manifesto di Torino.<\/p>\n<p style=\"text-align: justify;\">\u201cSono luoghi di incontro che oggi mancano nella nostra citt\u00e0, spazi utili a ricostruire relazioni. Latina \u00e8 pronta a questo passo perch\u00e9 la nostra comunit\u00e0 manda sempre pi\u00f9 sollecitazioni in questo senso. Sono quelle che arrivano per esempio dalle associazioni che cercano spazi, dai cittadini che chiedono luoghi di cultura e di confronto. Quello che non abbiamo ancora invece, e che con questo percorso vogliamo acquisire, sono le competenze necessarie perch\u00e9 questi percorsi siano sostenibili, non solo desiderati ma anche possibili, e con una visione a lungo termine che garantisca che non sia un fuoco di paglia. Servono processi ragionati, condivisi e organizzati&#8221;.<\/p>\n<p><strong>ASCOLTA<\/strong><\/p>\n<audio class=\"wp-audio-shortcode\" id=\"audio-262095-1\" preload=\"none\" style=\"width: 100%;\" controls=\"controls\"><source type=\"audio\/mpeg\" src=\"https:\/\/www.radioluna.it\/news\/wp-content\/uploads\/2020\/02\/case-quartiere-1-1.mp3?_=1\" \/><a href=\"https:\/\/www.radioluna.it\/news\/wp-content\/uploads\/2020\/02\/case-quartiere-1-1.mp3\">https:\/\/www.radioluna.it\/news\/wp-content\/uploads\/2020\/02\/case-quartiere-1-1.mp3<\/a><\/audio>\n<p style=\"text-align: justify;\">Ad assistere al lancio del percorso di coprogettazione nella sala de Pasquale del Comune erano in tanti. Ora ci sono sei mesi per definire i progetti e sperimentare le prime soluzioni. &#8220;Con la sperimentazione le &#8220;case di quartiere&#8221; saranno aperte, entreranno in funzione e lo resteranno&#8221;.<\/p>\n","protected":false},"excerpt":{"rendered":"<p>LATINA &#8211; Cinque case di quartiere ispirate a quelle gi\u00e0 attive a Torino, edifici dismessi, fatti oggetto di interventi di riqualificazione e messi a disposizione della comunit\u00e0 che dovr\u00e0 decidere come utilizzarli. Il progetto \u00e8 stato presentato venerd\u00ec 14 dicembre dal Comune di Latina che ha avviato la fase di co-progettazione alla quale potranno partecipare [&hellip;]<\/p>\n","protected":false},"author":62,"featured_media":262096,"comment_status":"open","ping_status":"open","sticky":false,"template":"","format":"standard","meta":{"footnotes":""},"categories":[2310,8],"tags":[],"class_list":["post-262095","post","type-post","status-publish","format-standard","has-post-thumbnail","hentry","category-audio","category-politica"],"_links":{"self":[{"href":"https:\/\/www.radioluna.it\/news\/wp-json\/wp\/v2\/posts\/262095","targetHints":{"allow":["GET"]}}],"collection":[{"href":"https:\/\/www.radioluna.it\/news\/wp-json\/wp\/v2\/posts"}],"about":[{"href":"https:\/\/www.radioluna.it\/news\/wp-json\/wp\/v2\/types\/post"}],"author":[{"embeddable":true,"href":"https:\/\/www.radioluna.it\/news\/wp-json\/wp\/v2\/users\/62"}],"replies":[{"embeddable":true,"href":"https:\/\/www.radioluna.it\/news\/wp-json\/wp\/v2\/comments?post=262095"}],"version-history":[{"count":0,"href":"https:\/\/www.radioluna.it\/news\/wp-json\/wp\/v2\/posts\/262095\/revisions"}],"wp:featuredmedia":[{"embeddable":true,"href":"https:\/\/www.radioluna.it\/news\/wp-json\/wp\/v2\/media\/262096"}],"wp:attachment":[{"href":"https:\/\/www.radioluna.it\/news\/wp-json\/wp\/v2\/media?parent=262095"}],"wp:term":[{"taxonomy":"category","embeddable":true,"href":"https:\/\/www.radioluna.it\/news\/wp-json\/wp\/v2\/categories?post=262095"},{"taxonomy":"post_tag","embeddable":true,"href":"https:\/\/www.radioluna.it\/news\/wp-json\/wp\/v2\/tags?post=262095"}],"curies":[{"name":"wp","href":"https:\/\/api.w.org\/{rel}","templated":true}]}}