{"id":262127,"date":"2020-02-17T08:12:19","date_gmt":"2020-02-17T07:12:19","guid":{"rendered":"https:\/\/www.radioluna.it\/news\/?p=262127"},"modified":"2020-02-17T08:12:19","modified_gmt":"2020-02-17T07:12:19","slug":"influenza-nel-lazio-il-picco-e-superato-valore-piu-alto-di-sempre","status":"publish","type":"post","link":"https:\/\/www.radioluna.it\/news\/2020\/02\/influenza-nel-lazio-il-picco-e-superato-valore-piu-alto-di-sempre\/","title":{"rendered":"Influenza, nel Lazio il picco \u00e8 superato: &#8220;Valore pi\u00f9 alto di sempre&#8221;"},"content":{"rendered":"<div id=\"fb-root\"><\/div>\n<p style=\"text-align: justify;\"><strong>LATINA &#8211;<\/strong> \u201cNella settimana dal 27 gennaio al 2 febbraio \u00e8 stato registrato il picco influenzale con un valore pari a 17,16 casi ogni 1.000 abitanti nella sola Regione Lazio (13,01&#215;1.000 abitanti a livello nazionale).\u00a0In 21 stagioni di sorveglianza\u00a0si tratta del secondo valore di picco pi\u00f9 alto di sempre, inferiore solo a quello della stagione 2002-03 (20,20 casi\/1.000 assistiti). Nella passata stagione 2018-19, il valore di picco era stato di 14,53 casi ogni 1.000 assistiti.\u00a0Il numero di casi di sindrome influenzale complessivamente nel Lazio \u00e8 pari finora a circa 580 mila casi, oltre 91 mila nell\u2019ultima settimana\u201d. Lo dichiara l\u2019Assessore alla Sanit\u00e0 e l\u2019Integrazione Sociosanitaria della Regione Lazio,\u00a0Alessio D\u2019Amato.<\/p>\n<p style=\"text-align: justify;\">Ora la curva \u00e8 in discesa, ma il livello massimo di incidenza raggiunto quest\u2019anno nella fascia tra gli zero e i 4 anni (57,20 casi ogni 1.000 assistiti) \u00e8 il valore pi\u00f9 alto di sempre, mentre nelle altre fasce 5-14 anni, 15-24 anni e 25-44 anni sono per tutte il secondo valore pi\u00f9 alto.<\/p>\n<p style=\"text-align: justify;\">\n<div class=\"radio-posizionamento-telefono-in-articoli-dopo-il-contenuto-articolo radio-entity-placement\" id=\"radio-2261011403\"><div id=\"radio-672893631\"><a href=\"https:\/\/www.simeoneceramiche.com\/\" aria-label=\"SIMEONE CERAMICHE GIF animata per radioluna_Tavola disegno 1 copia 2 (online-video-cutter.com)\"><img loading=\"lazy\" decoding=\"async\" src=\"https:\/\/www.radioluna.it\/news\/wp-content\/uploads\/2025\/05\/SIMEONE-CERAMICHE-GIF-animata-per-radioluna_Tavola-disegno-1-copia-2-online-video-cutter.com_.gif\" alt=\"\"  width=\"300\" height=\"250\"   \/><\/a><\/div><\/div>","protected":false},"excerpt":{"rendered":"<p>LATINA &#8211; \u201cNella settimana dal 27 gennaio al 2 febbraio \u00e8 stato registrato il picco influenzale con un valore pari a 17,16 casi ogni 1.000 abitanti nella sola Regione Lazio (13,01&#215;1.000 abitanti a livello nazionale).\u00a0In 21 stagioni di sorveglianza\u00a0si tratta del secondo valore di picco pi\u00f9 alto di sempre, inferiore solo a quello della stagione [&hellip;]<\/p>\n","protected":false},"author":62,"featured_media":262128,"comment_status":"open","ping_status":"open","sticky":false,"template":"","format":"standard","meta":{"footnotes":""},"categories":[2616],"tags":[],"class_list":["post-262127","post","type-post","status-publish","format-standard","has-post-thumbnail","hentry","category-sanita"],"_links":{"self":[{"href":"https:\/\/www.radioluna.it\/news\/wp-json\/wp\/v2\/posts\/262127","targetHints":{"allow":["GET"]}}],"collection":[{"href":"https:\/\/www.radioluna.it\/news\/wp-json\/wp\/v2\/posts"}],"about":[{"href":"https:\/\/www.radioluna.it\/news\/wp-json\/wp\/v2\/types\/post"}],"author":[{"embeddable":true,"href":"https:\/\/www.radioluna.it\/news\/wp-json\/wp\/v2\/users\/62"}],"replies":[{"embeddable":true,"href":"https:\/\/www.radioluna.it\/news\/wp-json\/wp\/v2\/comments?post=262127"}],"version-history":[{"count":0,"href":"https:\/\/www.radioluna.it\/news\/wp-json\/wp\/v2\/posts\/262127\/revisions"}],"wp:featuredmedia":[{"embeddable":true,"href":"https:\/\/www.radioluna.it\/news\/wp-json\/wp\/v2\/media\/262128"}],"wp:attachment":[{"href":"https:\/\/www.radioluna.it\/news\/wp-json\/wp\/v2\/media?parent=262127"}],"wp:term":[{"taxonomy":"category","embeddable":true,"href":"https:\/\/www.radioluna.it\/news\/wp-json\/wp\/v2\/categories?post=262127"},{"taxonomy":"post_tag","embeddable":true,"href":"https:\/\/www.radioluna.it\/news\/wp-json\/wp\/v2\/tags?post=262127"}],"curies":[{"name":"wp","href":"https:\/\/api.w.org\/{rel}","templated":true}]}}