{"id":266935,"date":"2020-05-07T20:14:44","date_gmt":"2020-05-07T18:14:44","guid":{"rendered":"https:\/\/www.radioluna.it\/news\/?p=266935"},"modified":"2020-05-12T07:40:10","modified_gmt":"2020-05-12T05:40:10","slug":"lazio-sicuro-orneli-incontra-i-balneari-speriamo-in-riapertura-prossima","status":"publish","type":"post","link":"https:\/\/www.radioluna.it\/news\/2020\/05\/lazio-sicuro-orneli-incontra-i-balneari-speriamo-in-riapertura-prossima\/","title":{"rendered":"Lazio Sicuro, Orneli incontra i balneari: &#8220;Speriamo in riapertura prossima&#8221;"},"content":{"rendered":"<div id=\"fb-root\"><\/div>\n<p style=\"text-align: justify;\"><strong>LATINA &#8211;<\/strong> Ha incontrato oggi i rappresentanti delle associazioni dei balneari del Lazio per affrontare il tema delle linee guida l&#8217;assessore alla attivit\u00e0 produttive della Regione Lazio, Paolo Orneli. Un incontro che fa seguito e integra quello di luned\u00ec scorso con i rappresentanti dei Comuni del litorale, delle prefetture di Latina, Viterbo e Roma e del Comando Regionale della Guardia Costiera.<\/p>\n<p style=\"text-align: justify;\">&#8220;Vogliamo stilare un vademecum in vista di una ripresa della loro attivit\u00e0, che speriamo prossima &#8211; ha commentato Orneli &#8211; regole chiare e semplici per gestori degli stabilimenti balneari e operatori delle spiagge libere, con poche essenziali disposizioni, che siano utili a garantire la sicurezza degli operatori e della clientela, e permettano a tutti di cominciare a pensare con serenit\u00e0 a una frequentazione delle spiagge la prossima estate. Sar\u00e0 uno strumento importante per farci trovare pronti nel momento in cui ci sar\u00e0 il via libera per poter tornare al mare&#8221;.<\/p>\n<p style=\"text-align: justify;\">Ai balneari la regione ha chiesto\u00a0 di inviare\u00a0 contributi e proposte: &#8220;Le analizzeremo con attenzione, confrontandole anche con le soluzioni adottate in altre Regioni in modo da identificare regole ottimali, pur restando sempre in linea con quanto verr\u00e0 deciso a livello nazionale&#8221;. Punto di partenza saranno accessi limitati, segnaletica sui comportamenti da adottare, limiti di spazio per i clienti e gli operatori, distributori di gel igienizzante, norme per l\u2019igienizzazione, distanziamento di ombrelloni, lettini e sdraio. &#8220;La settimana prossima, quando avremo potuto mettere a sistema i contributi ricevuti torneremo a incontrare operatori e Comuni del litorale per un secondo passaggio sulle regole di fruizione delle spiagge in concessione e di quelle libere\u201d, ha concluso\u00a0l\u2019assessore regionale allo Sviluppo Economico, Commercio e Artigianato, Ricerca, Start Up e Innovazione.<\/p>\n<p>&nbsp;<\/p>\n","protected":false},"excerpt":{"rendered":"<p>LATINA &#8211; Ha incontrato oggi i rappresentanti delle associazioni dei balneari del Lazio per affrontare il tema delle linee guida l&#8217;assessore alla attivit\u00e0 produttive della Regione Lazio, Paolo Orneli. Un incontro che fa seguito e integra quello di luned\u00ec scorso con i rappresentanti dei Comuni del litorale, delle prefetture di Latina, Viterbo e Roma e [&hellip;]<\/p>\n","protected":false},"author":62,"featured_media":9780,"comment_status":"open","ping_status":"open","sticky":false,"template":"","format":"standard","meta":{"footnotes":""},"categories":[7],"tags":[],"class_list":["post-266935","post","type-post","status-publish","format-standard","has-post-thumbnail","hentry","category-cronaca"],"_links":{"self":[{"href":"https:\/\/www.radioluna.it\/news\/wp-json\/wp\/v2\/posts\/266935","targetHints":{"allow":["GET"]}}],"collection":[{"href":"https:\/\/www.radioluna.it\/news\/wp-json\/wp\/v2\/posts"}],"about":[{"href":"https:\/\/www.radioluna.it\/news\/wp-json\/wp\/v2\/types\/post"}],"author":[{"embeddable":true,"href":"https:\/\/www.radioluna.it\/news\/wp-json\/wp\/v2\/users\/62"}],"replies":[{"embeddable":true,"href":"https:\/\/www.radioluna.it\/news\/wp-json\/wp\/v2\/comments?post=266935"}],"version-history":[{"count":0,"href":"https:\/\/www.radioluna.it\/news\/wp-json\/wp\/v2\/posts\/266935\/revisions"}],"wp:featuredmedia":[{"embeddable":true,"href":"https:\/\/www.radioluna.it\/news\/wp-json\/wp\/v2\/media\/9780"}],"wp:attachment":[{"href":"https:\/\/www.radioluna.it\/news\/wp-json\/wp\/v2\/media?parent=266935"}],"wp:term":[{"taxonomy":"category","embeddable":true,"href":"https:\/\/www.radioluna.it\/news\/wp-json\/wp\/v2\/categories?post=266935"},{"taxonomy":"post_tag","embeddable":true,"href":"https:\/\/www.radioluna.it\/news\/wp-json\/wp\/v2\/tags?post=266935"}],"curies":[{"name":"wp","href":"https:\/\/api.w.org\/{rel}","templated":true}]}}