{"id":266998,"date":"2020-05-08T17:20:38","date_gmt":"2020-05-08T15:20:38","guid":{"rendered":"https:\/\/www.radioluna.it\/news\/?p=266998"},"modified":"2020-05-09T12:13:21","modified_gmt":"2020-05-09T10:13:21","slug":"coletta-ai-cittadini-di-latina-non-e-ancora-il-momento-di-andare-al-mare-per-prendere-il-sole-e-fare-il-bagno","status":"publish","type":"post","link":"https:\/\/www.radioluna.it\/news\/2020\/05\/coletta-ai-cittadini-di-latina-non-e-ancora-il-momento-di-andare-al-mare-per-prendere-il-sole-e-fare-il-bagno\/","title":{"rendered":"Coletta ai cittadini di Latina: \u00abNon \u00e8 ancora il momento di andare al mare per prendere il sole e fare il bagno\u00bb"},"content":{"rendered":"<div id=\"fb-root\"><\/div>\n<p>(la foto \u00e8 stata scattata mercoled\u00ec pomeriggio nel giorno di riapertura del mare)<\/p>\n<p style=\"text-align: justify;\">LATINA &#8211; Il fine settimana, il primo con &#8220;open&#8221; dopo il lockdown, preoccupa\u00a0 il sindaco di Latina Damiano Coletta che ha deciso di lanciare un messaggio ai cittadini richiamando tutti alle norme di sicurezza. &#8220;Voglio ricordare a tutti che, almeno per il momento, non \u00e8 consentito fermarsi a prendere il sole e fare il bagno. Si pu\u00f2 scendere in spiaggia s\u00ec, ma solo per svolgere attivit\u00e0 motoria o sportiva e sempre nel rispetto della distanza minima interpersonale&#8221;.<\/p>\n<p style=\"text-align: justify;\">Il messaggio arriva dopo che nei primi giorni di riapertura della spiaggia, gli agenti della Polizia Locale sono dovuti intervenire per allontanare alcune persone che stavano sostando sull\u2019arenile. Quanto alle frotte di ragazzi senza mascherina e riuniti in gruppi molto ravvicinati in giro per la citt\u00e0 e al mare, senza rispettare le minime distanze di sicurezza e l&#8217;obbligo di coprirsi bocca e naso, nulla viene detto.<\/p>\n<p style=\"text-align: justify;\">&#8220;I cittadini di Latina &#8211; scrive Coletta nel suo messaggio &#8211; si sono comportati benissimo fino ad oggi. Tutti insieme abbiamo dimostrato di essere una vera squadra in questa battaglia senza precedenti contro il virus, abbiamo avuto senso di responsabilit\u00e0. Non \u00e8 finita, stiamo ancora giocando la partita e non possiamo permetterci di perderla. Chiedo a tutti di continuare a fare i sacrifici necessari per potere uscire definitivamente dallo stato d\u2019emergenza&#8221;. Il punto infatti \u00e8 proprio questo; evitare che la curva dei contagi si impenni di nuovo e che si debba tornare indietro.<\/p>\n<p style=\"text-align: justify;\">Il sindaco richiama tutti alla responsabilit\u00e0: &#8220;Sono sicuro che continueremo a dimostrare di essere una comunit\u00e0 responsabile. Se cos\u00ec sar\u00e0, e nell\u2019ottica di un graduale ritorno alle normali attivit\u00e0 che si svolgono al mare, gi\u00e0 dalla prossima settimana potrebbero tornare ad essere consentiti gli sport acquatici. Ma dobbiamo fare di tutto per evitare di creare situazioni di potenziale pericolo. Pi\u00f9 saremo rispettosi delle regole, prima torneremo a vivere con maggiore spensieratezza la nostra citt\u00e0 e il nostro splendido mare&#8221;.<\/p>\n","protected":false},"excerpt":{"rendered":"<p>(la foto \u00e8 stata scattata mercoled\u00ec pomeriggio nel giorno di riapertura del mare) LATINA &#8211; Il fine settimana, il primo con &#8220;open&#8221; dopo il lockdown, preoccupa\u00a0 il sindaco di Latina Damiano Coletta che ha deciso di lanciare un messaggio ai cittadini richiamando tutti alle norme di sicurezza. &#8220;Voglio ricordare a tutti che, almeno per il [&hellip;]<\/p>\n","protected":false},"author":62,"featured_media":266999,"comment_status":"open","ping_status":"open","sticky":false,"template":"","format":"standard","meta":{"footnotes":""},"categories":[7],"tags":[],"class_list":["post-266998","post","type-post","status-publish","format-standard","has-post-thumbnail","hentry","category-cronaca"],"_links":{"self":[{"href":"https:\/\/www.radioluna.it\/news\/wp-json\/wp\/v2\/posts\/266998","targetHints":{"allow":["GET"]}}],"collection":[{"href":"https:\/\/www.radioluna.it\/news\/wp-json\/wp\/v2\/posts"}],"about":[{"href":"https:\/\/www.radioluna.it\/news\/wp-json\/wp\/v2\/types\/post"}],"author":[{"embeddable":true,"href":"https:\/\/www.radioluna.it\/news\/wp-json\/wp\/v2\/users\/62"}],"replies":[{"embeddable":true,"href":"https:\/\/www.radioluna.it\/news\/wp-json\/wp\/v2\/comments?post=266998"}],"version-history":[{"count":0,"href":"https:\/\/www.radioluna.it\/news\/wp-json\/wp\/v2\/posts\/266998\/revisions"}],"wp:featuredmedia":[{"embeddable":true,"href":"https:\/\/www.radioluna.it\/news\/wp-json\/wp\/v2\/media\/266999"}],"wp:attachment":[{"href":"https:\/\/www.radioluna.it\/news\/wp-json\/wp\/v2\/media?parent=266998"}],"wp:term":[{"taxonomy":"category","embeddable":true,"href":"https:\/\/www.radioluna.it\/news\/wp-json\/wp\/v2\/categories?post=266998"},{"taxonomy":"post_tag","embeddable":true,"href":"https:\/\/www.radioluna.it\/news\/wp-json\/wp\/v2\/tags?post=266998"}],"curies":[{"name":"wp","href":"https:\/\/api.w.org\/{rel}","templated":true}]}}