{"id":267030,"date":"2020-05-09T12:12:14","date_gmt":"2020-05-09T10:12:14","guid":{"rendered":"https:\/\/www.radioluna.it\/news\/?p=267030"},"modified":"2020-05-11T07:52:48","modified_gmt":"2020-05-11T05:52:48","slug":"incendiata-a-sermoneta-lauto-della-sindaca-giuseppina-giovannoli","status":"publish","type":"post","link":"https:\/\/www.radioluna.it\/news\/2020\/05\/incendiata-a-sermoneta-lauto-della-sindaca-giuseppina-giovannoli\/","title":{"rendered":"Incendiata a Sermoneta l&#8217;auto della sindaca Giuseppina Giovannoli"},"content":{"rendered":"<div id=\"fb-root\"><\/div>\n<p style=\"text-align: justify;\"><b>SERMONETA &#8211;\u00a0 <\/b>Sono state incendiate intorno a mezzanotte l&#8217;auto della sindaca di Sermoneta Giuseppina Giovannoli\u00a0 e quella del fratello, che era parcheggiata accanto, nell&#8217;area di propriet\u00e0 dello stabile in cui l&#8217;intera famiglia vive in Via del Mirto, nella parte bassa di Sermoneta. Una zona isolata, in campagna, dove non ci sono telecamere. La notizia \u00e8 stata data dalla stessa vittima in un post su Fb mentre le voci si rincorrevano.<\/p>\n<p style=\"text-align: justify;\">&#8220;Buongiorno a tutti. Questa notte la mia auto e quella di un mio familiare sono state danneggiate da un incendio. Io e la mia famiglia confidiamo nelle forze dell\u2019ordine affinch\u00e9 facciano al pi\u00f9 presto chiarezza sull\u2019accaduto. Sono incredula, ma nello stesso tempo serena: vado avanti a testa alta e continuer\u00f2 a svolgere il mio incarico di amministratrice con lo stesso impegno e la determinazione di sempre&#8221;.<\/p>\n<p style=\"text-align: justify;\">La Bmw della Giovannoli \u00e8 stata pesantemente danneggiata, distrutta la parte anteriore dove \u00e8 stato versato liquido infiammabile, danni pi\u00f9 lievi a quella del congiunto. I carabinieri coordinati dal comandante provinciale Gabriele Vitagliano e dal colonnello Barbera che dirige il Reparto Operativo di Aprilia, hanno repertato una bottiglia di vetro che \u00e8 ora all&#8217;esame di laboratori del Ris.<\/p>\n<p style=\"text-align: justify;\">Ad accorgersi delle fiamme \u00e8 stato il fratello della sindaca che \u00e8 subito intervenuto per spegnere le fiamme. L&#8217;area \u00e8 stata poi messa in sicurezza dai vigili del fuoco.\u00a0 La Giovannoli \u00e8 stata ascoltata nell&#8217;immediato e si \u00e8 detta sconcertata non riuscendo a darsi una spiegazione per il gesto che arriva oltretutto in un momento di particolare vicinanza di tutta la comunit\u00e0 dopo il lockdown.<\/p>\n<p style=\"text-align: justify;\">Viene spontaneo pensare agli altri due incendi che hanno colpito la vicesindaco di Sermoneta Maria Marcelli:\u00a0 &#8220;Indaghiamo per capire se ci siano collegamenti, ma al momento non ci sono elementi&#8221;, ha dichiarato il colonnello Barbera. Le indagini proseguono coordinate dalla Procura della Repubblica.<\/p>\n","protected":false},"excerpt":{"rendered":"<p>SERMONETA &#8211;\u00a0 Sono state incendiate intorno a mezzanotte l&#8217;auto della sindaca di Sermoneta Giuseppina Giovannoli\u00a0 e quella del fratello, che era parcheggiata accanto, nell&#8217;area di propriet\u00e0 dello stabile in cui l&#8217;intera famiglia vive in Via del Mirto, nella parte bassa di Sermoneta. Una zona isolata, in campagna, dove non ci sono telecamere. La notizia \u00e8 [&hellip;]<\/p>\n","protected":false},"author":62,"featured_media":239892,"comment_status":"open","ping_status":"open","sticky":false,"template":"","format":"standard","meta":{"footnotes":""},"categories":[7],"tags":[],"class_list":["post-267030","post","type-post","status-publish","format-standard","has-post-thumbnail","hentry","category-cronaca"],"_links":{"self":[{"href":"https:\/\/www.radioluna.it\/news\/wp-json\/wp\/v2\/posts\/267030","targetHints":{"allow":["GET"]}}],"collection":[{"href":"https:\/\/www.radioluna.it\/news\/wp-json\/wp\/v2\/posts"}],"about":[{"href":"https:\/\/www.radioluna.it\/news\/wp-json\/wp\/v2\/types\/post"}],"author":[{"embeddable":true,"href":"https:\/\/www.radioluna.it\/news\/wp-json\/wp\/v2\/users\/62"}],"replies":[{"embeddable":true,"href":"https:\/\/www.radioluna.it\/news\/wp-json\/wp\/v2\/comments?post=267030"}],"version-history":[{"count":0,"href":"https:\/\/www.radioluna.it\/news\/wp-json\/wp\/v2\/posts\/267030\/revisions"}],"wp:featuredmedia":[{"embeddable":true,"href":"https:\/\/www.radioluna.it\/news\/wp-json\/wp\/v2\/media\/239892"}],"wp:attachment":[{"href":"https:\/\/www.radioluna.it\/news\/wp-json\/wp\/v2\/media?parent=267030"}],"wp:term":[{"taxonomy":"category","embeddable":true,"href":"https:\/\/www.radioluna.it\/news\/wp-json\/wp\/v2\/categories?post=267030"},{"taxonomy":"post_tag","embeddable":true,"href":"https:\/\/www.radioluna.it\/news\/wp-json\/wp\/v2\/tags?post=267030"}],"curies":[{"name":"wp","href":"https:\/\/api.w.org\/{rel}","templated":true}]}}