{"id":267052,"date":"2020-05-09T17:46:16","date_gmt":"2020-05-09T15:46:16","guid":{"rendered":"https:\/\/www.radioluna.it\/news\/?p=267052"},"modified":"2020-05-10T07:21:42","modified_gmt":"2020-05-10T05:21:42","slug":"attentato-alla-sindaca-giovannoli-la-solidarieta-della-breast-unit-di-latina","status":"publish","type":"post","link":"https:\/\/www.radioluna.it\/news\/2020\/05\/attentato-alla-sindaca-giovannoli-la-solidarieta-della-breast-unit-di-latina\/","title":{"rendered":"Attentato alla sindaca Giovannoli, la solidariet\u00e0 della Breast Unit di Latina"},"content":{"rendered":"<div id=\"fb-root\"><\/div>\n<p style=\"text-align: justify;\"><strong>LATINA<\/strong> &#8211; &#8220;La Breast Unit di Latina, con tutti i suoi componenti, dai direttori, al personale medico e infermieristico, alle associazioni di volontariato, alle consulte che ne fanno parte, la LILT provinciale\u00a0 con la sua presidente Nicoletta D\u2019Erme, la Presidente dell\u2019ANDOS di Aprilia Resy Langiano, la Presidente dell\u2019 AVO di Latina Giuseppina Cadoni, i LIONS Club della provincia, la prof. ssa Antonella Calogero dell\u2019Universit\u00e0 Sapienza di Roma \u2013 Polo Pontino, esprimono piena solidariet\u00e0<a href=\"https:\/\/www.radioluna.it\/news\/2020\/05\/incendiata-a-sermoneta-lauto-della-sindaca-giuseppina-giovannoli\/\"> al Sindaco di Sermoneta, Giuseppina Giovannoli per quanto accaduto la notte scorsa nei pressi della sua abitazione<\/a>&#8220;.<\/p>\n<p style=\"text-align: justify;\">Lo si legge in una nota scritta dal direttore clinico Fabio Ricci e dal collega radiologo e responsabile aziendale della stessa struttura, Carlo De Masi che hanno voluto far sentire la propria vicinanza al primo cittadino sempre\u00a0 \u201csensibile ai temi della prevenzione e della cura delle donne affette da tumore al seno\u201d. L\u2019apertura dell\u2019ultimo Nastro Rosa, ovvero la Campagna di sensibilizzazione alla lotta contro il cancro che colpisce ancora troppe donne in Provincia &#8211; ricorda Ricci &#8211; si \u00e8 tenuta proprio nel Castello di Sermoneta, per sottolineare l\u2019impegno fattivo dell\u2019Amministrazione di Sermoneta e in primis del Sindaco Giovannoli.<\/p>\n<p style=\"text-align: justify;\">Nella cerimonia conclusiva tenutasi poi a novembre 2019, presso la Palazzina direzionale del Santa Maria Goretti, infatti, \u00a0la Sindaca \u00e8 stata premiata con la seguente motivazione attribuitale da tutta la Breast Unit rappresentata da Paola Miceli, Responsabile Regionale di Europa Donna, Giuseppina Cadoni, \u00a0Presidente dell\u2019AVO di Latina, dal prof. Fabio Ricci e dal dott. Carlo De Masi, direttori della Breast \u201cPer la sua intelligenza, forza, sensibilit\u00e0, determinazione nel perseguire la lotta contro il tumore al seno. Ha organizzato insieme al suo Assessore Sonia Pecorilli, la sua Giunta, i suoi consiglieri, in collaborazione con la LILT, la ASL e la Breast Unit di Latina, il Polo Pontino dell\u2019Universit\u00e0 Sapienza di Roma, le Istituzioni, la Fondazione Caetani e tante realt\u00e0 del territorio, l\u2019apertura della Campagna Mondiale Nastro Rosa per la provincia di Latina presso la magnifica location del castello Caetani di Sermoneta. Una cerimonia impeccabile, ricca di contenuti ed emotivit\u00e0. Un grande successo comunicativo a favore delle Donne colpite dal tumore al seno. Capacit\u00e0, umanit\u00e0, efficacia. Grazie\u201d.<\/p>\n<p style=\"text-align: justify;\">\u201cOggi siamo ancora una volta uniti -spiegano dalla Breast Unit del S.M.Goretti di Latina- ad esprimere solidariet\u00e0 e vicinanza alla dott.ssa Giovannoli, sperando che si faccia presto chiarezza intorno al triste episodio verificatosi, perch\u00e9 possa continuare in serenit\u00e0 e determinazione il proprio ruolo amministrativo\u00a0e sociale\u00a0, per il bene della collettivit\u00e0 che rappresenta e dell\u2019intero territorio\u201d.<\/p>\n","protected":false},"excerpt":{"rendered":"<p>LATINA &#8211; &#8220;La Breast Unit di Latina, con tutti i suoi componenti, dai direttori, al personale medico e infermieristico, alle associazioni di volontariato, alle consulte che ne fanno parte, la LILT provinciale\u00a0 con la sua presidente Nicoletta D\u2019Erme, la Presidente dell\u2019ANDOS di Aprilia Resy Langiano, la Presidente dell\u2019 AVO di Latina Giuseppina Cadoni, i LIONS [&hellip;]<\/p>\n","protected":false},"author":62,"featured_media":267053,"comment_status":"open","ping_status":"open","sticky":false,"template":"","format":"standard","meta":{"footnotes":""},"categories":[7],"tags":[],"class_list":["post-267052","post","type-post","status-publish","format-standard","has-post-thumbnail","hentry","category-cronaca"],"_links":{"self":[{"href":"https:\/\/www.radioluna.it\/news\/wp-json\/wp\/v2\/posts\/267052","targetHints":{"allow":["GET"]}}],"collection":[{"href":"https:\/\/www.radioluna.it\/news\/wp-json\/wp\/v2\/posts"}],"about":[{"href":"https:\/\/www.radioluna.it\/news\/wp-json\/wp\/v2\/types\/post"}],"author":[{"embeddable":true,"href":"https:\/\/www.radioluna.it\/news\/wp-json\/wp\/v2\/users\/62"}],"replies":[{"embeddable":true,"href":"https:\/\/www.radioluna.it\/news\/wp-json\/wp\/v2\/comments?post=267052"}],"version-history":[{"count":0,"href":"https:\/\/www.radioluna.it\/news\/wp-json\/wp\/v2\/posts\/267052\/revisions"}],"wp:featuredmedia":[{"embeddable":true,"href":"https:\/\/www.radioluna.it\/news\/wp-json\/wp\/v2\/media\/267053"}],"wp:attachment":[{"href":"https:\/\/www.radioluna.it\/news\/wp-json\/wp\/v2\/media?parent=267052"}],"wp:term":[{"taxonomy":"category","embeddable":true,"href":"https:\/\/www.radioluna.it\/news\/wp-json\/wp\/v2\/categories?post=267052"},{"taxonomy":"post_tag","embeddable":true,"href":"https:\/\/www.radioluna.it\/news\/wp-json\/wp\/v2\/tags?post=267052"}],"curies":[{"name":"wp","href":"https:\/\/api.w.org\/{rel}","templated":true}]}}