{"id":267123,"date":"2020-05-11T21:35:43","date_gmt":"2020-05-11T19:35:43","guid":{"rendered":"https:\/\/www.radioluna.it\/news\/?p=267123"},"modified":"2020-05-11T21:35:43","modified_gmt":"2020-05-11T19:35:43","slug":"coronavirus-marco-viti-dj-di-latina-e-bloccato-in-mexico267123","status":"publish","type":"post","link":"https:\/\/www.radioluna.it\/news\/2020\/05\/coronavirus-marco-viti-dj-di-latina-e-bloccato-in-mexico267123\/","title":{"rendered":"Marco Viti, il dj di Latina bloccato in Mexico da due mesi"},"content":{"rendered":"<div id=\"fb-root\"><\/div>\n<p style=\"text-align: justify;\"><strong>LATINA<\/strong> &#8211; Tra gli italiani all&#8217;estero che non riescono a rientrare in Italia, c&#8217;\u00e8 anche un giovane di Latina, Marco Viti, bloccato in Messico con Veronica. I due, partiti ad ottobre per lavoro, entrambi impegnati nel settore turistico, vogliono tornare a casa, ma i voli dalla zona dello Yucatan, come del resto sta accadendo in mezzo mondo, non decollano e si sono trovati in un pantano. Il tutto mentre il lavoro non c&#8217;\u00e8 pi\u00f9, perch\u00e9 i turisti non arrivano e la situazione sanitaria per il Covid-19 va peggiorando giorno dopo giorno. Aspettando un rientro che sembra impossibile, inoltre, il loro permesso di soggiorno \u00e8 scaduto. I due infatti &#8211; secondo il loro stesso racconto al quotidiano Il Tempo\u00a0 &#8211; avrebbero comprato i biglietti di ritorno per voli che sono stati cancellati e rinviati. Il prossimo sar\u00e0 a giugno, tre mesi dopo la data iniziale di rientro, ma i Marco e Veronica temono che anche quell&#8217;aereo non partir\u00e0 per l&#8217;Italia e chiedono aiuto alla Farnesina.<\/p>\n","protected":false},"excerpt":{"rendered":"<p>LATINA &#8211; Tra gli italiani all&#8217;estero che non riescono a rientrare in Italia, c&#8217;\u00e8 anche un giovane di Latina, Marco Viti, bloccato in Messico con Veronica. I due, partiti ad ottobre per lavoro, entrambi impegnati nel settore turistico, vogliono tornare a casa, ma i voli dalla zona dello Yucatan, come del resto sta accadendo in [&hellip;]<\/p>\n","protected":false},"author":62,"featured_media":267124,"comment_status":"open","ping_status":"open","sticky":false,"template":"","format":"standard","meta":{"footnotes":""},"categories":[7],"tags":[],"class_list":["post-267123","post","type-post","status-publish","format-standard","has-post-thumbnail","hentry","category-cronaca"],"_links":{"self":[{"href":"https:\/\/www.radioluna.it\/news\/wp-json\/wp\/v2\/posts\/267123","targetHints":{"allow":["GET"]}}],"collection":[{"href":"https:\/\/www.radioluna.it\/news\/wp-json\/wp\/v2\/posts"}],"about":[{"href":"https:\/\/www.radioluna.it\/news\/wp-json\/wp\/v2\/types\/post"}],"author":[{"embeddable":true,"href":"https:\/\/www.radioluna.it\/news\/wp-json\/wp\/v2\/users\/62"}],"replies":[{"embeddable":true,"href":"https:\/\/www.radioluna.it\/news\/wp-json\/wp\/v2\/comments?post=267123"}],"version-history":[{"count":0,"href":"https:\/\/www.radioluna.it\/news\/wp-json\/wp\/v2\/posts\/267123\/revisions"}],"wp:featuredmedia":[{"embeddable":true,"href":"https:\/\/www.radioluna.it\/news\/wp-json\/wp\/v2\/media\/267124"}],"wp:attachment":[{"href":"https:\/\/www.radioluna.it\/news\/wp-json\/wp\/v2\/media?parent=267123"}],"wp:term":[{"taxonomy":"category","embeddable":true,"href":"https:\/\/www.radioluna.it\/news\/wp-json\/wp\/v2\/categories?post=267123"},{"taxonomy":"post_tag","embeddable":true,"href":"https:\/\/www.radioluna.it\/news\/wp-json\/wp\/v2\/tags?post=267123"}],"curies":[{"name":"wp","href":"https:\/\/api.w.org\/{rel}","templated":true}]}}