{"id":267137,"date":"2020-05-12T14:40:17","date_gmt":"2020-05-12T12:40:17","guid":{"rendered":"https:\/\/www.radioluna.it\/news\/?p=267137"},"modified":"2020-05-13T21:20:31","modified_gmt":"2020-05-13T19:20:31","slug":"latina-prima-udienza-del-processo-per-i-maltrattamenti-in-via-degli-aurunci-intervista-a-una-mamma","status":"publish","type":"post","link":"https:\/\/www.radioluna.it\/news\/2020\/05\/latina-prima-udienza-del-processo-per-i-maltrattamenti-in-via-degli-aurunci-intervista-a-una-mamma\/","title":{"rendered":"Latina, prima udienza del processo per i maltrattamenti in Via degli Aurunci. Intervista a una mamma"},"content":{"rendered":"<div id=\"fb-root\"><\/div>\n<p style=\"text-align: justify;\"><strong>LATINA &#8211; <\/strong>Ha preso il via oggi in Tribunale a Latina davanti a Gip Giorgia Castriota il processo alla maestra della materna &#8220;Sibilla Aleramo&#8221; di Via degli Aurunci a Latina, accusata di maltrattamenti e abuso dei mezzi di correzione. I fatti un anno fa quando alcuni genitori che a dicembre avevano chiesto alla maestra spiegazioni, decisero di denunciare\u00a0 ai carabinieri i loro sospetti. In classe qualcosa non andava per il verso giusto come raccontavano gli atteggiamenti dei loro figli che lasciavano intravedere situazioni di evidente disagio. Le telecamere hanno registrato poi\u00a0 quello che avveniva in classe, soprattutto nei confronti di alcuni bambini, mentre gli altri piccoli compagni,\u00a0 impauriti, assistevano a rimproveri e umiliazioni.\u00a0 La maestra 63enne non \u00e8 mai pi\u00f9 rientrata a scuola,\u00a0 sospesa per 12 mesi andr\u00e0 in pensione mentre \u00e8 imputata nel processo.<\/p>\n<p style=\"text-align: justify;\">Oggi il giudice ha deciso di rinviare all&#8217;8 settembre l&#8217;udienza per consentire a tutti di partecipare, essendo impossibile in aula rispettare le norme sul distanziamento sociale per il contenimento del Covid: &#8220;Siamo circa 50 tra parti civili e parti lese, mamme e pap\u00e0, e oggettivamente non c&#8217;erano le condizioni per andare avanti&#8221;, ha raccontato Teresa Faticoni, collega giornalista e autrice di un blog, La Formica Rossa, nel quale ha di recente raccontato la vicenda che ha visto coinvolta la sua famiglia, lei che \u00e8 mamma di due gemelline che erano in quella classe.<\/p>\n<p style=\"text-align: justify;\">&#8220;<strong>Quando si tratta dei nostri figli siamo tutti pi\u00f9 emotivi e pi\u00f9 sensibili, ma abbiamo deciso come genitori di affrontare con serenit\u00e0 questo processo. Non chiediamo cose spettacolari, vogliamo solo un processo giusto e che ci si dica che cosa accadeva in quella classe di Via degli Aurunci. Abbiamo visto le immagini registrate dalle telecamere e sono inequivocabili. Quello che abbiamo voluto dire con la nostra presenza di oggi, \u00e8 che noi ci siamo, siamo al fianco dei nostri figli, con umanit\u00e0<\/strong>&#8220;.<\/p>\n<p style=\"text-align: justify;\">I bambini dopo i fatti erano tornati a scuola: &#8220;Quest&#8217;anno era cominciato benissimo, eravamo contenti e sereni, la pandemia ci ha bloccato, ma abbiamo un altro anno da fare l\u00ec e ci torneremo. Restare \u00e8\u00a0 stato un gesto di fiducia nei confronti dell&#8217;istituzione&#8221;.<\/p>\n<p><strong>IN QUESTA INTERVISTA IL RACCONTO DI TERESA FATICONI<\/strong><\/p>\n<audio class=\"wp-audio-shortcode\" id=\"audio-267137-1\" preload=\"none\" style=\"width: 100%;\" controls=\"controls\"><source type=\"audio\/mpeg\" src=\"https:\/\/www.radioluna.it\/news\/wp-content\/uploads\/2020\/05\/teresa-faticoni-processo-1.mp3?_=1\" \/><a href=\"https:\/\/www.radioluna.it\/news\/wp-content\/uploads\/2020\/05\/teresa-faticoni-processo-1.mp3\">https:\/\/www.radioluna.it\/news\/wp-content\/uploads\/2020\/05\/teresa-faticoni-processo-1.mp3<\/a><\/audio>\n","protected":false},"excerpt":{"rendered":"<p>LATINA &#8211; Ha preso il via oggi in Tribunale a Latina davanti a Gip Giorgia Castriota il processo alla maestra della materna &#8220;Sibilla Aleramo&#8221; di Via degli Aurunci a Latina, accusata di maltrattamenti e abuso dei mezzi di correzione. I fatti un anno fa quando alcuni genitori che a dicembre avevano chiesto alla maestra spiegazioni, [&hellip;]<\/p>\n","protected":false},"author":62,"featured_media":178294,"comment_status":"open","ping_status":"open","sticky":false,"template":"","format":"standard","meta":{"footnotes":""},"categories":[2310,7],"tags":[],"class_list":["post-267137","post","type-post","status-publish","format-standard","has-post-thumbnail","hentry","category-audio","category-cronaca"],"_links":{"self":[{"href":"https:\/\/www.radioluna.it\/news\/wp-json\/wp\/v2\/posts\/267137","targetHints":{"allow":["GET"]}}],"collection":[{"href":"https:\/\/www.radioluna.it\/news\/wp-json\/wp\/v2\/posts"}],"about":[{"href":"https:\/\/www.radioluna.it\/news\/wp-json\/wp\/v2\/types\/post"}],"author":[{"embeddable":true,"href":"https:\/\/www.radioluna.it\/news\/wp-json\/wp\/v2\/users\/62"}],"replies":[{"embeddable":true,"href":"https:\/\/www.radioluna.it\/news\/wp-json\/wp\/v2\/comments?post=267137"}],"version-history":[{"count":0,"href":"https:\/\/www.radioluna.it\/news\/wp-json\/wp\/v2\/posts\/267137\/revisions"}],"wp:featuredmedia":[{"embeddable":true,"href":"https:\/\/www.radioluna.it\/news\/wp-json\/wp\/v2\/media\/178294"}],"wp:attachment":[{"href":"https:\/\/www.radioluna.it\/news\/wp-json\/wp\/v2\/media?parent=267137"}],"wp:term":[{"taxonomy":"category","embeddable":true,"href":"https:\/\/www.radioluna.it\/news\/wp-json\/wp\/v2\/categories?post=267137"},{"taxonomy":"post_tag","embeddable":true,"href":"https:\/\/www.radioluna.it\/news\/wp-json\/wp\/v2\/tags?post=267137"}],"curies":[{"name":"wp","href":"https:\/\/api.w.org\/{rel}","templated":true}]}}