{"id":267681,"date":"2020-05-22T16:43:35","date_gmt":"2020-05-22T14:43:35","guid":{"rendered":"https:\/\/www.radioluna.it\/news\/?p=267681"},"modified":"2020-05-26T20:34:36","modified_gmt":"2020-05-26T18:34:36","slug":"tutte-le-meraviglie-del-parco-del-circeo-per-la-giornata-della-biodiversita","status":"publish","type":"post","link":"https:\/\/www.radioluna.it\/news\/2020\/05\/tutte-le-meraviglie-del-parco-del-circeo-per-la-giornata-della-biodiversita\/","title":{"rendered":"Tutte le meraviglie del Parco del Circeo per la Giornata della Biodiversit\u00e0"},"content":{"rendered":"<div id=\"fb-root\"><\/div>\n<p><iframe loading=\"lazy\" title=\"&quot;Distanti, ma uniti&quot;: le bellezze del Parco del Circeo in un suggestivo viaggio virtuale\" width=\"740\" height=\"416\" src=\"https:\/\/www.youtube.com\/embed\/2WmeQl3cJD4?feature=oembed\" frameborder=\"0\" allow=\"accelerometer; autoplay; clipboard-write; encrypted-media; gyroscope; picture-in-picture; web-share\" referrerpolicy=\"strict-origin-when-cross-origin\" allowfullscreen><\/iframe><\/p>\n<p style=\"text-align: justify;\"><strong>SABAUDIA\u00a0 &#8211; Misura 9000 ettari nei quali racchiude ambienti straordinari: la duna, la foresta planiziale, il promontorio, quattro laghi retrodunali e l&#8217;isola di Zannone<\/strong>. Ospita 1265 specie di piante (pi\u00f9 di un terzo dell\u2019intera flora regionale), 400 specie di funghi , moltissime specie di mammiferi, uccelli acquatici, rettili e anfibi.<strong> Un &#8220;tesoro verde&#8221;<\/strong> che contribuisce, direttamente e indirettamente, a mitigare gli effetti dei cambiamenti climatici a livello globale e locale <strong>fissando ogni anno circa 350 mila tonnellate di CO2. E&#8217; il Parco Nazionale del Circeo. <\/strong><\/p>\n<p style=\"text-align: justify;\">A ricordare i numeri e la ricchezza della meravigliosa bio-riserva, che abbiamo la fortuna di avere proprio sul territorio provinciale di Latina, \u00e8 l&#8217;Ente che la gestisce, alla vigilia della <strong>Giornata mondiale della biodiversit\u00e0<\/strong> che ricorre domani <strong>22 maggio<\/strong>: &#8220;Un piccolo scrigno di biodiversit\u00e0, sottolineato dal fatto che al suo interno sono state designate ben sette Zone a Protezione Speciale e Siti di Importanza Comunitaria, nonch\u00e9 quattro Zone Ramsar, cio\u00e8 zone umide riconosciute di notevole importanza per la conservazione degli ecosistemi acquatici e, in particolare, degli uccelli migratori&#8221;.<\/p>\n<p style=\"text-align: justify;\">In occasione della giornata in cui si ricorda l&#8217;adozione del testo della Convenzione per la Diversit\u00e0 Biologica, avvenuta &#8211; appunto &#8211; il 22 maggio del 1992, arriva anche un rinnovato appello alla collettivit\u00e0 a informarsi e riflettere sull\u2019importanza della conservazione di tutte le specie viventi, con un\u2019attenzione particolare all\u2019enorme patrimonio di biodiversit\u00e0 che il Parco del Circeo possiede, ad aumentare la comprensione e la consapevolezza dei problemi legati alla biodiversit\u00e0, mai cos\u00ec attuali come in questo periodo.<\/p>\n<p style=\"text-align: justify;\">\u201cQuest\u2019anno \u2013 spiegano dall&#8217;Ente Parco &#8211; la ricorrenza assume infatti un significato particolare perch\u00e9 cade in un periodo molto delicato ed emergenziale derivante dalla diffusione del virus Covid-19. Una situazione molto difficile per tutti che, si spera, porter\u00e0 presto ad un ritorno alla normalit\u00e0 a partire anche dalla consapevolezza degli effetti positivi del contatto con la natura per la salute e il benessere della collettivit\u00e0, una vera e propria terapia per recuperare l&#8217;equilibrio psicofisico dopo il lockdown\u201d.<\/p>\n<p style=\"text-align: justify;\">Tanti gli studi e le ricerche che il Parco ha svolto in questi anni su ambienti e ospiti, per monitorare le specie e il numero, per avviare progetti di conservazione e valorizzazione e per il prossimo futuro, sempre nell\u2019ambito dei fondi messi a disposizione con la nuova direttiva del Ministero dell\u2019Ambiente per la biodiversit\u00e0, l&#8217;obiettivo &#8211; spiegano dall&#8217;Ente &#8211; &#8220;\u00e8 di aumentare le conoscenze relative agli impollinatori sia delle specie di Apoidei selvatici ed altre specie, quali ad esempio i Lepidotteri&#8221;.<\/p>\n","protected":false},"excerpt":{"rendered":"<p>SABAUDIA\u00a0 &#8211; Misura 9000 ettari nei quali racchiude ambienti straordinari: la duna, la foresta planiziale, il promontorio, quattro laghi retrodunali e l&#8217;isola di Zannone. Ospita 1265 specie di piante (pi\u00f9 di un terzo dell\u2019intera flora regionale), 400 specie di funghi , moltissime specie di mammiferi, uccelli acquatici, rettili e anfibi. Un &#8220;tesoro verde&#8221; che contribuisce, [&hellip;]<\/p>\n","protected":false},"author":62,"featured_media":267682,"comment_status":"open","ping_status":"open","sticky":false,"template":"","format":"video","meta":{"footnotes":""},"categories":[12,2312],"tags":[],"class_list":["post-267681","post","type-post","status-publish","format-video","has-post-thumbnail","hentry","category-ambiente","category-video","post_format-post-format-video"],"_links":{"self":[{"href":"https:\/\/www.radioluna.it\/news\/wp-json\/wp\/v2\/posts\/267681","targetHints":{"allow":["GET"]}}],"collection":[{"href":"https:\/\/www.radioluna.it\/news\/wp-json\/wp\/v2\/posts"}],"about":[{"href":"https:\/\/www.radioluna.it\/news\/wp-json\/wp\/v2\/types\/post"}],"author":[{"embeddable":true,"href":"https:\/\/www.radioluna.it\/news\/wp-json\/wp\/v2\/users\/62"}],"replies":[{"embeddable":true,"href":"https:\/\/www.radioluna.it\/news\/wp-json\/wp\/v2\/comments?post=267681"}],"version-history":[{"count":0,"href":"https:\/\/www.radioluna.it\/news\/wp-json\/wp\/v2\/posts\/267681\/revisions"}],"wp:featuredmedia":[{"embeddable":true,"href":"https:\/\/www.radioluna.it\/news\/wp-json\/wp\/v2\/media\/267682"}],"wp:attachment":[{"href":"https:\/\/www.radioluna.it\/news\/wp-json\/wp\/v2\/media?parent=267681"}],"wp:term":[{"taxonomy":"category","embeddable":true,"href":"https:\/\/www.radioluna.it\/news\/wp-json\/wp\/v2\/categories?post=267681"},{"taxonomy":"post_tag","embeddable":true,"href":"https:\/\/www.radioluna.it\/news\/wp-json\/wp\/v2\/tags?post=267681"}],"curies":[{"name":"wp","href":"https:\/\/api.w.org\/{rel}","templated":true}]}}