{"id":268187,"date":"2020-05-30T13:41:52","date_gmt":"2020-05-30T11:41:52","guid":{"rendered":"https:\/\/www.radioluna.it\/news\/?p=268187"},"modified":"2020-06-02T06:01:23","modified_gmt":"2020-06-02T04:01:23","slug":"riapre-anche-fogliano-autorizzata-larea-parcheggio","status":"publish","type":"post","link":"https:\/\/www.radioluna.it\/news\/2020\/05\/riapre-anche-fogliano-autorizzata-larea-parcheggio\/","title":{"rendered":"Riapre anche Fogliano, autorizzata l&#8217;area-parcheggio"},"content":{"rendered":"<div id=\"fb-root\"><\/div>\n<p style=\"text-align: justify;\"><strong>LATINA &#8211;<\/strong> Il 7 giugno riapre Villa\u00a0 Fogliano a Latina, l&#8217;area che fa parte del Parco Nazionale del Circeo chiusa dai primi di marzo per evitare assembramenti. E&#8217; l&#8217;unica rimasta inaccessibile dopo l&#8217;avvio della Fase 2. E&#8217; stato il sindaco di Latina a dare la notizia nel corso del videcollegamento su Fb. Nell&#8217;area che \u00e8 gestita dai carabinieri forestali sar\u00e0 operato uno stretto controllo anche con l&#8217;ausilio della polizia municipale e le modalit\u00e0 di accesso sono state in parte modificate: le auto dovranno fermarsi prima dell&#8217;ingresso in un&#8217;apposita area di sosta gi\u00e0 utilizzata in precedenza in occasione di manifestazioni.<\/p>\n","protected":false},"excerpt":{"rendered":"<p>LATINA &#8211; Il 7 giugno riapre Villa\u00a0 Fogliano a Latina, l&#8217;area che fa parte del Parco Nazionale del Circeo chiusa dai primi di marzo per evitare assembramenti. E&#8217; l&#8217;unica rimasta inaccessibile dopo l&#8217;avvio della Fase 2. E&#8217; stato il sindaco di Latina a dare la notizia nel corso del videcollegamento su Fb. Nell&#8217;area che \u00e8 [&hellip;]<\/p>\n","protected":false},"author":62,"featured_media":241688,"comment_status":"open","ping_status":"open","sticky":false,"template":"","format":"standard","meta":{"footnotes":""},"categories":[12],"tags":[],"class_list":["post-268187","post","type-post","status-publish","format-standard","has-post-thumbnail","hentry","category-ambiente"],"_links":{"self":[{"href":"https:\/\/www.radioluna.it\/news\/wp-json\/wp\/v2\/posts\/268187","targetHints":{"allow":["GET"]}}],"collection":[{"href":"https:\/\/www.radioluna.it\/news\/wp-json\/wp\/v2\/posts"}],"about":[{"href":"https:\/\/www.radioluna.it\/news\/wp-json\/wp\/v2\/types\/post"}],"author":[{"embeddable":true,"href":"https:\/\/www.radioluna.it\/news\/wp-json\/wp\/v2\/users\/62"}],"replies":[{"embeddable":true,"href":"https:\/\/www.radioluna.it\/news\/wp-json\/wp\/v2\/comments?post=268187"}],"version-history":[{"count":0,"href":"https:\/\/www.radioluna.it\/news\/wp-json\/wp\/v2\/posts\/268187\/revisions"}],"wp:featuredmedia":[{"embeddable":true,"href":"https:\/\/www.radioluna.it\/news\/wp-json\/wp\/v2\/media\/241688"}],"wp:attachment":[{"href":"https:\/\/www.radioluna.it\/news\/wp-json\/wp\/v2\/media?parent=268187"}],"wp:term":[{"taxonomy":"category","embeddable":true,"href":"https:\/\/www.radioluna.it\/news\/wp-json\/wp\/v2\/categories?post=268187"},{"taxonomy":"post_tag","embeddable":true,"href":"https:\/\/www.radioluna.it\/news\/wp-json\/wp\/v2\/tags?post=268187"}],"curies":[{"name":"wp","href":"https:\/\/api.w.org\/{rel}","templated":true}]}}