{"id":268429,"date":"2020-06-04T18:27:31","date_gmt":"2020-06-04T16:27:31","guid":{"rendered":"https:\/\/www.radioluna.it\/news\/?p=268429"},"modified":"2020-06-06T10:24:41","modified_gmt":"2020-06-06T08:24:41","slug":"a-latina-tari-piu-umana-previste-agevolazioni-per-terzo-settore-dilazioni-e-compensazioni","status":"publish","type":"post","link":"https:\/\/www.radioluna.it\/news\/2020\/06\/a-latina-tari-piu-umana-previste-agevolazioni-per-terzo-settore-dilazioni-e-compensazioni\/","title":{"rendered":"A Latina Tari pi\u00f9 &#8220;umana&#8221;: previste agevolazioni per terzo settore, dilazioni e compensazioni"},"content":{"rendered":"<div id=\"fb-root\"><\/div>\n<p style=\"text-align: justify;\"><strong>LATINA &#8211;<\/strong> <strong>La Tari a Latina diventa pi\u00f9 &#8220;umana&#8221; e va incontro alle difficolt\u00e0 che il difficile momento sta presentando alla societ\u00e0<\/strong>. Con il nuovo regolamento approvato oggi dal consiglio comunale di Latina sono possibili<strong> agevolazioni per le associazioni del terzo settore, di volontariato e di promozione sociale<\/strong> che svolgono la propria attivit\u00e0 in immobili di propriet\u00e0, in affitto o in comodato, nei quali non risultano essere residenti nuclei familiari; <strong>la compensazione direttamente in bolletta con eventuali crediti<\/strong> nei confronti dell\u2019amministrazione comunale; <strong>la dilazione di pagamento per ragioni di stato temporaneo di difficolt\u00e0 fino a 72 rate<\/strong> pi\u00f9 altre 36 se lo stato di necessit\u00e0 si protrae, per debiti oltre i 20.000 euro, e altre dilazioni per debiti pi\u00f9 esigui.<br \/>\nIl nuovo regolamento \u00e8 stato illustrato dall&#8217;assessore al Bilancio Gianmarco Proietti che ha parlato di &#8220;un\u2019attenzione concreta dunque alle povert\u00e0 temporanee e agli stati di necessit\u00e0 che anche questa crisi sta facendo emergere, una attenzione che diviene sistemica e regolamentata&#8221;.<br \/>\n<strong>RISCOSSIONE ELETTRONICA<\/strong> &#8211; Viene prevista (art 31) <strong>la riscossione elettronica della TARI e un portale telematico del cittadino, dove ogni latinense dotato di identit\u00e0 elettronica (CIE o SPID) potr\u00e0 collegarsi per prendere <\/strong><strong>visione delle proprie bollette, valutarle e pagarle (TARI, ICI\/IMU).<\/strong><\/p>\n<p style=\"text-align: justify;\">&#8220;Il regolamento\u00a0 &#8211; sottolinea Proietti &#8211; \u00e8 un tassello centrale del corposo mosaico dei tributi della citt\u00e0: a questo si aggiunger\u00e0 la delibera delle tariffe annuali, che studieremo insieme in commissione tributi e si arricchir\u00e0 anche degli<br \/>\nindirizzi del Tavolo Latina per Latina per le ulteriori riduzioni del 25% della TARI per le utenze non domestiche chiuse e parzialmente chiuse, come indicato dalla circolare ARERA. Un regolamento moderno che permetter\u00e0 al Consiglio di poter lavorare in sicurezza per garantire a tutti una politica fiscale attenta, solidale e rigorosa&#8221;.<\/p>\n","protected":false},"excerpt":{"rendered":"<p>LATINA &#8211; La Tari a Latina diventa pi\u00f9 &#8220;umana&#8221; e va incontro alle difficolt\u00e0 che il difficile momento sta presentando alla societ\u00e0. Con il nuovo regolamento approvato oggi dal consiglio comunale di Latina sono possibili agevolazioni per le associazioni del terzo settore, di volontariato e di promozione sociale che svolgono la propria attivit\u00e0 in immobili [&hellip;]<\/p>\n","protected":false},"author":62,"featured_media":232295,"comment_status":"open","ping_status":"open","sticky":false,"template":"","format":"standard","meta":{"footnotes":""},"categories":[2403],"tags":[],"class_list":["post-268429","post","type-post","status-publish","format-standard","has-post-thumbnail","hentry","category-le-cose-in-comune"],"_links":{"self":[{"href":"https:\/\/www.radioluna.it\/news\/wp-json\/wp\/v2\/posts\/268429","targetHints":{"allow":["GET"]}}],"collection":[{"href":"https:\/\/www.radioluna.it\/news\/wp-json\/wp\/v2\/posts"}],"about":[{"href":"https:\/\/www.radioluna.it\/news\/wp-json\/wp\/v2\/types\/post"}],"author":[{"embeddable":true,"href":"https:\/\/www.radioluna.it\/news\/wp-json\/wp\/v2\/users\/62"}],"replies":[{"embeddable":true,"href":"https:\/\/www.radioluna.it\/news\/wp-json\/wp\/v2\/comments?post=268429"}],"version-history":[{"count":0,"href":"https:\/\/www.radioluna.it\/news\/wp-json\/wp\/v2\/posts\/268429\/revisions"}],"wp:featuredmedia":[{"embeddable":true,"href":"https:\/\/www.radioluna.it\/news\/wp-json\/wp\/v2\/media\/232295"}],"wp:attachment":[{"href":"https:\/\/www.radioluna.it\/news\/wp-json\/wp\/v2\/media?parent=268429"}],"wp:term":[{"taxonomy":"category","embeddable":true,"href":"https:\/\/www.radioluna.it\/news\/wp-json\/wp\/v2\/categories?post=268429"},{"taxonomy":"post_tag","embeddable":true,"href":"https:\/\/www.radioluna.it\/news\/wp-json\/wp\/v2\/tags?post=268429"}],"curies":[{"name":"wp","href":"https:\/\/api.w.org\/{rel}","templated":true}]}}