{"id":268647,"date":"2020-06-09T08:15:04","date_gmt":"2020-06-09T06:15:04","guid":{"rendered":"https:\/\/www.radioluna.it\/news\/?p=268647"},"modified":"2020-06-09T08:15:04","modified_gmt":"2020-06-09T06:15:04","slug":"latina-primo-capoluogo-del-lazio-per-rating-pubblico","status":"publish","type":"post","link":"https:\/\/www.radioluna.it\/news\/2020\/06\/latina-primo-capoluogo-del-lazio-per-rating-pubblico\/","title":{"rendered":"Latina primo capoluogo del Lazio per rating pubblico"},"content":{"rendered":"<div id=\"fb-root\"><\/div>\n<p style=\"text-align: justify;\"><strong>LATINA<\/strong> &#8211; <strong>Latina \u00e8 il primo Comune capoluogo di provincia del Lazio per rating pubblico<\/strong>. \u00c8 quanto risulta dal report 2019 elaborato da \u201cFondazione Etica\u201d sull\u2019indice di misurazione comparata delle Amministrazioni Pubbliche, al 56esimo posto su 111 con punteggio vicino ad Arezzo, Lucca e Bergamo. Nell&#8217;analisi\u00a0 Latina fa parte del macro gruppo delle Amministrazioni \u201cpromosse\u201d con un risultato positivo rientrando tra quelle con una classe di rating\u201c atisfactory\u201d, unico del Lazio in questa fascia.<\/p>\n<p style=\"text-align: justify;\">\u00abC\u2019\u00e8 grande soddisfazione per questo riconoscimento che premia il lavoro difficile e a volte nascosto della nostra esperienza, sia quello dell\u2019indirizzo politico delle scelte che quello della direzione professionale e competente della struttura\u00a0 &#8211; commenta l<strong>\u2019assessora al Personale e Vice Sindaco, Maria Paola Briganti<\/strong> &#8211;\u00a0 <strong>Questa consapevolezza va condivisa con i cittadini e con i dipendenti che sanno bene da quale punto di partenza nel 2016 ci siamo avviati verso questo risultato<\/strong>. Non \u00e8 ancora tutto risolto ma sappiamo, e questo riconoscimento lo dimostra, che il metodo \u00e8 eccellente e sar\u00e0 vincente anche negli altri ambiti che ancora rappresentano la nostra sfida quotidiana\u00bb.<\/p>\n<p style=\"text-align: justify;\">\n<strong>Il rating pubblico \u00e8 un indice creato dalla Fondazione sulla base degli obblighi di trasparenza introdotti dal cosiddetto decreto trasparenza e dalla legge anticorruzione del 2012 e lo scopo del report \u00e8 valutare e comparare trasparenza, integrit\u00e0 ed efficienza delle PA.<\/strong> Come spiega la Fondazione Etica nel suo studio, analizza sei aree relative alla capacit\u00e0 amministrativa delle PA: Bilancio, Governance, Gestione del personale, Servizi e rapporto con i cittadini, Appalti e rapporto con i fornitori, Ambiente. <strong>Latina ha ottenuto i risultati migliori nelle aree Bilancio e Gestione del Personale<\/strong>: per entrambe si trova nella classe di rating \u201cGood\u201d. Nella Gestione del Personale, in particolare, il Comune di Latina ha raggiunto un brillante 10\u00b0 posto su 109 (due Comuni sono mancanti in questa classifica).<\/p>\n","protected":false},"excerpt":{"rendered":"<p>LATINA &#8211; Latina \u00e8 il primo Comune capoluogo di provincia del Lazio per rating pubblico. \u00c8 quanto risulta dal report 2019 elaborato da \u201cFondazione Etica\u201d sull\u2019indice di misurazione comparata delle Amministrazioni Pubbliche, al 56esimo posto su 111 con punteggio vicino ad Arezzo, Lucca e Bergamo. Nell&#8217;analisi\u00a0 Latina fa parte del macro gruppo delle Amministrazioni \u201cpromosse\u201d [&hellip;]<\/p>\n","protected":false},"author":62,"featured_media":263706,"comment_status":"open","ping_status":"open","sticky":false,"template":"","format":"standard","meta":{"footnotes":""},"categories":[735],"tags":[],"class_list":["post-268647","post","type-post","status-publish","format-standard","has-post-thumbnail","hentry","category-attualita"],"_links":{"self":[{"href":"https:\/\/www.radioluna.it\/news\/wp-json\/wp\/v2\/posts\/268647","targetHints":{"allow":["GET"]}}],"collection":[{"href":"https:\/\/www.radioluna.it\/news\/wp-json\/wp\/v2\/posts"}],"about":[{"href":"https:\/\/www.radioluna.it\/news\/wp-json\/wp\/v2\/types\/post"}],"author":[{"embeddable":true,"href":"https:\/\/www.radioluna.it\/news\/wp-json\/wp\/v2\/users\/62"}],"replies":[{"embeddable":true,"href":"https:\/\/www.radioluna.it\/news\/wp-json\/wp\/v2\/comments?post=268647"}],"version-history":[{"count":0,"href":"https:\/\/www.radioluna.it\/news\/wp-json\/wp\/v2\/posts\/268647\/revisions"}],"wp:featuredmedia":[{"embeddable":true,"href":"https:\/\/www.radioluna.it\/news\/wp-json\/wp\/v2\/media\/263706"}],"wp:attachment":[{"href":"https:\/\/www.radioluna.it\/news\/wp-json\/wp\/v2\/media?parent=268647"}],"wp:term":[{"taxonomy":"category","embeddable":true,"href":"https:\/\/www.radioluna.it\/news\/wp-json\/wp\/v2\/categories?post=268647"},{"taxonomy":"post_tag","embeddable":true,"href":"https:\/\/www.radioluna.it\/news\/wp-json\/wp\/v2\/tags?post=268647"}],"curies":[{"name":"wp","href":"https:\/\/api.w.org\/{rel}","templated":true}]}}