{"id":268779,"date":"2020-06-11T09:48:27","date_gmt":"2020-06-11T07:48:27","guid":{"rendered":"https:\/\/www.radioluna.it\/news\/?p=268779"},"modified":"2020-06-11T09:48:27","modified_gmt":"2020-06-11T07:48:27","slug":"latina-centri-anziani-verso-la-riapertura-ginnastica-passeggiate-teatro-e-attivita-allaperto","status":"publish","type":"post","link":"https:\/\/www.radioluna.it\/news\/2020\/06\/latina-centri-anziani-verso-la-riapertura-ginnastica-passeggiate-teatro-e-attivita-allaperto\/","title":{"rendered":"Latina, Centri anziani verso la riapertura: ginnastica, passeggiate, teatro e attivit\u00e0 all&#8217;aperto"},"content":{"rendered":"<div id=\"fb-root\"><\/div>\n<p style=\"text-align: justify;\"><strong>LATINA<\/strong> &#8211;<strong> I centri anziani del capoluogo pontino che dovrebbero riaprire i battenti il prossimo 15 giugno,<\/strong> ma con quali modalit\u00e0 resta da stabilire. Per questa ragione<strong> il tema \u00e8 stato al centro della riunione della commissione Welfare<\/strong>, dopo l&#8217;incontro di luned\u00ec scorso tra i presidenti dei centri, il servizio comunale e l&#8217;assessora Patrizia Ciccarelli. In quell&#8217;occasione i rappresentanti dei dieci centri sociali presenti nel\u00a0 Comune di Latina avevano ribadito l\u2019impossibilit\u00e0 di riaprire &#8220;sia per la complessit\u00e0 di adempimenti imposti dalla Regione per la loro riapertura sia per il pericolo di contagi&#8221; annunciando la chiusura almeno fino al 15 settembre &#8220;a meno che nel frattempo non si verifichino fatti epidemici nuovi&#8221;.<\/p>\n<p style=\"text-align: justify;\"><strong>La proposta emersa dalla commissione convocata a due giorni di distanza dall&#8217;incontro riguarda attivit\u00e0 all\u2019aperto,<\/strong> come la ginnastica nei giardini dei centri stessi o magari nei parchi cittadini (v.Falcone Borsellino), ma gli anziani potranno anche riprendere il<strong> teatro con prove e spettacoli all\u2019aperto<\/strong> (la proposta \u00e8 di utilizzare l\u2019Evergreen) o <strong>organizzare passeggiate,<\/strong> eventi di pesca sportiva al Lago Smeraldo; laboratori fotografici e di pittura estemporanea negli scenari naturali vicino alla citt\u00e0. Insomma mantenere la loro funzione evitando per\u00f2 gli spazi chiusi per limitare al massimo i rischi.<\/p>\n<p style=\"text-align: justify;\"><strong>Il coordinatore dei centri anziani Aldo Pastore e i sindacati Spi Cgil, Uil pensionati e Federazione pensionati Cisl,<\/strong> presenti alla riunione<strong> chiedono che si pensi anche a progettare le modalit\u00e0 di rientro a settembre,<\/strong> con l&#8217; utilizzo di sedi al chiuso per essere pronti quando la stagione non consentir\u00e0 pi\u00f9 di fare attivit\u00e0 all&#8217;aperto.<\/p>\n<p style=\"text-align: justify;\">L&#8217;amministrazione &#8211; ha sottolineato<strong> la responsabile del servizio comunale Aurelia Centra &#8211; <\/strong>\u00a0si sta adoperando per salvaguardare anche gli aspetti amministrativi riguardanti il rinnovo delle cariche, la liquidazione dei contributi e l&#8217;approvazione dei bilanci che in periodo di covid scontano la difficolt\u00e0 di poter riunire gli organi preposti.<\/p>\n<p style=\"text-align: justify;\"><strong>&#8220;Un ottimo lavoro di squadra &#8211; commenta il presidente della commissione Emanuele Di Russo<\/strong> &#8211; che <strong>nel rispetto delle esigenze, delle preoccupazioni e delle sensibilit\u00e0 reciproche<\/strong> ha saputo fare chiarezza sugli aspetti da affrontare e che sono sicuro sapr\u00e0 individuare soluzioni sostenibili: \u00e8 proprio il caso di dire <strong>&#8216;insieme ce la faremo&#8217;<\/strong>&#8220;.<\/p>\n<p style=\"text-align: justify;\"><strong>&#8220;Rimane intanto attivo il servizio Emergenza Solitudine per il supporto psicologico,<\/strong> rivelatosi importantissimo soprattutto nel corso dell&#8217;emergenza covid a causa dell&#8217;isolamento forzato&#8221;, spiegano dal Servizio comunale.<\/p>\n<p style=\"text-align: justify;\">\n","protected":false},"excerpt":{"rendered":"<p>LATINA &#8211; I centri anziani del capoluogo pontino che dovrebbero riaprire i battenti il prossimo 15 giugno, ma con quali modalit\u00e0 resta da stabilire. Per questa ragione il tema \u00e8 stato al centro della riunione della commissione Welfare, dopo l&#8217;incontro di luned\u00ec scorso tra i presidenti dei centri, il servizio comunale e l&#8217;assessora Patrizia Ciccarelli. [&hellip;]<\/p>\n","protected":false},"author":62,"featured_media":148726,"comment_status":"open","ping_status":"open","sticky":false,"template":"","format":"standard","meta":{"footnotes":""},"categories":[735],"tags":[],"class_list":["post-268779","post","type-post","status-publish","format-standard","has-post-thumbnail","hentry","category-attualita"],"_links":{"self":[{"href":"https:\/\/www.radioluna.it\/news\/wp-json\/wp\/v2\/posts\/268779","targetHints":{"allow":["GET"]}}],"collection":[{"href":"https:\/\/www.radioluna.it\/news\/wp-json\/wp\/v2\/posts"}],"about":[{"href":"https:\/\/www.radioluna.it\/news\/wp-json\/wp\/v2\/types\/post"}],"author":[{"embeddable":true,"href":"https:\/\/www.radioluna.it\/news\/wp-json\/wp\/v2\/users\/62"}],"replies":[{"embeddable":true,"href":"https:\/\/www.radioluna.it\/news\/wp-json\/wp\/v2\/comments?post=268779"}],"version-history":[{"count":0,"href":"https:\/\/www.radioluna.it\/news\/wp-json\/wp\/v2\/posts\/268779\/revisions"}],"wp:featuredmedia":[{"embeddable":true,"href":"https:\/\/www.radioluna.it\/news\/wp-json\/wp\/v2\/media\/148726"}],"wp:attachment":[{"href":"https:\/\/www.radioluna.it\/news\/wp-json\/wp\/v2\/media?parent=268779"}],"wp:term":[{"taxonomy":"category","embeddable":true,"href":"https:\/\/www.radioluna.it\/news\/wp-json\/wp\/v2\/categories?post=268779"},{"taxonomy":"post_tag","embeddable":true,"href":"https:\/\/www.radioluna.it\/news\/wp-json\/wp\/v2\/tags?post=268779"}],"curies":[{"name":"wp","href":"https:\/\/api.w.org\/{rel}","templated":true}]}}