{"id":269008,"date":"2020-06-15T06:30:08","date_gmt":"2020-06-15T04:30:08","guid":{"rendered":"https:\/\/www.radioluna.it\/news\/?p=269008"},"modified":"2020-06-15T07:04:21","modified_gmt":"2020-06-15T05:04:21","slug":"comunali-giulio-mastrobattista-e-il-candidato-di-fdi-a-fondi","status":"publish","type":"post","link":"https:\/\/www.radioluna.it\/news\/2020\/06\/comunali-giulio-mastrobattista-e-il-candidato-di-fdi-a-fondi\/","title":{"rendered":"Comunali, Giulio Mastrobattista \u00e8 il candidato di FdI a Fondi"},"content":{"rendered":"<div id=\"fb-root\"><\/div>\n<p style=\"text-align: justify;\"><strong>FONDI &#8211;<\/strong> Fratelli d&#8217;Italia ha ufficializzato la candidatura di Giulio Mastrobattista a sindaco di Fondi alle prossime elezioni amministrative. La presentazione si \u00e8 svolta ieri mattina presso l&#8217;Albergo dei Fiori di Fondi alla presenza dei vertici del partito, per poi proseguire con l&#8217;inaugurazione del point elettorale in Corso Appio Claudio.<br \/>\n\u201cCinque anni fa chi votava non aveva alternative, se non l\u2019attuale amministrazione. Oggi noi vogliamo dare ai fondani la possibilit\u00e0 di scegliere \u2013 ha esordito la portavoce di FdI Fondi Sonia Federici -. Giulio Mastrobattista \u00e8 il nostro candidato ideale a cui auguro di amministrare la citt\u00e0 con la testa e con il cuore&#8221;.<\/p>\n<p style=\"text-align: justify;\">\u201cHo provato fino alla fine a unire il centrodestra mettendo in discussione la mia candidatura, ma ho avuto un incomprensibile rifiuto \u2013 ha dichiarato il candidato sindaco Giulio Mastrobattista \u2013 Oggi votare Fratelli d&#8217;Italia vuol dire votare competenza, efficienza e rigore morale. Siamo la novit\u00e0 in questo paese. Io voglio essere il sindaco dell&#8217;efficienza e voglio fare qualcosa di nuovo per la citt\u00e0. \u00c8 difficile, la sfida \u00e8 ardua, ma il voto clientelare non ci appartiene. Conta il voto di opinione e sono convinto che a Fondi ci sono persone oneste che vogliono il bene della citt\u00e0 e che premieranno il merito\u201d.<\/p>\n<p style=\"text-align: justify;\">\u201cGiulio Mastrobattista si \u00e8 fatto carico delle nostre aspettative in un momento storico in cui \u00e8 cambiato tutto \u2013 ha dichiarato il presidente di FdI Fondi Alessio Carnevale -. Questa citt\u00e0 \u00e8 stata il fiore economico della provincia, ma ora ha bisogno di un innesto e di creare qualcosa di nuovo. Giulio incarna bene queste cose. Per noi \u00e8 una sfida importante\u201d.<\/p>\n<p style=\"text-align: justify;\">\u201cUn sindaco da solo non serve a nulla, ha bisogno di una squadra \u2013 ha aggiunto il consigliere regionale Antonello Aurigemma -. A suo supporto Giulio Mastrobattista trover\u00e0 i consiglieri regionali, parlamentari ed europarlamentari di Fratelli d\u2019Italia, pronti a sostenerlo nelle sue battaglie\u201d.<\/p>\n<p style=\"text-align: justify;\">\u201cSi \u00e8 chiuso un ciclo politico su Fondi, che durava da 20 anni, siamo all&#8217;alba di un ciclo nuovo. Fratelli d&#8217;Italia oggi pu\u00f2 rappresentare una nuova avventura collettiva. Giulio Mastrobattista \u00e8 l&#8217;uomo giusto al posto giusto perch\u00e9 incarna tutto questo. Una citt\u00e0 come Fondi merita un sindaco importante\u201d, ha detto l&#8217;eurodeputato Nicola Procaccini.<\/p>\n<p style=\"text-align: justify;\">\u201cA Fondi si prospetta una campagna elettorale con candidati sindaci autorevoli \u2013 ha concluso il Senatore e coordinatore provinciale Nicola Calandrini -. Giulio Mastrobattista \u00e8 il miglior candidato possibile. In questa campagna elettorale Fratelli d&#8217;Italia scende in campo con tutta la sua filiera istituzionale, da Giorgia Meloni fino all&#8217;ultimo degli iscritti. La nostra non sar\u00e0 una campagna elettorale contro qualcuno, ma per la citt\u00e0 che oggi ha bisogno di cose diverse. Qui non ci \u00e8 stato permesso di fare il centrodestra, che sarebbe stato strategico. Qualcuno si \u00e8 assunto la responsabilit\u00e0 di non avere il centrodestra unito, non c&#8217;\u00e8 stata neppure la possibilit\u00e0 di confrontarci\u201d.<\/p>\n","protected":false},"excerpt":{"rendered":"<p>FONDI &#8211; Fratelli d&#8217;Italia ha ufficializzato la candidatura di Giulio Mastrobattista a sindaco di Fondi alle prossime elezioni amministrative. La presentazione si \u00e8 svolta ieri mattina presso l&#8217;Albergo dei Fiori di Fondi alla presenza dei vertici del partito, per poi proseguire con l&#8217;inaugurazione del point elettorale in Corso Appio Claudio. \u201cCinque anni fa chi votava [&hellip;]<\/p>\n","protected":false},"author":60,"featured_media":0,"comment_status":"open","ping_status":"open","sticky":false,"template":"","format":"standard","meta":{"footnotes":""},"categories":[8],"tags":[],"class_list":["post-269008","post","type-post","status-publish","format-standard","hentry","category-politica"],"_links":{"self":[{"href":"https:\/\/www.radioluna.it\/news\/wp-json\/wp\/v2\/posts\/269008","targetHints":{"allow":["GET"]}}],"collection":[{"href":"https:\/\/www.radioluna.it\/news\/wp-json\/wp\/v2\/posts"}],"about":[{"href":"https:\/\/www.radioluna.it\/news\/wp-json\/wp\/v2\/types\/post"}],"author":[{"embeddable":true,"href":"https:\/\/www.radioluna.it\/news\/wp-json\/wp\/v2\/users\/60"}],"replies":[{"embeddable":true,"href":"https:\/\/www.radioluna.it\/news\/wp-json\/wp\/v2\/comments?post=269008"}],"version-history":[{"count":0,"href":"https:\/\/www.radioluna.it\/news\/wp-json\/wp\/v2\/posts\/269008\/revisions"}],"wp:attachment":[{"href":"https:\/\/www.radioluna.it\/news\/wp-json\/wp\/v2\/media?parent=269008"}],"wp:term":[{"taxonomy":"category","embeddable":true,"href":"https:\/\/www.radioluna.it\/news\/wp-json\/wp\/v2\/categories?post=269008"},{"taxonomy":"post_tag","embeddable":true,"href":"https:\/\/www.radioluna.it\/news\/wp-json\/wp\/v2\/tags?post=269008"}],"curies":[{"name":"wp","href":"https:\/\/api.w.org\/{rel}","templated":true}]}}