{"id":269069,"date":"2020-06-16T07:58:29","date_gmt":"2020-06-16T05:58:29","guid":{"rendered":"https:\/\/www.radioluna.it\/news\/?p=269069"},"modified":"2020-06-16T09:54:48","modified_gmt":"2020-06-16T07:54:48","slug":"i-giovani-progressisti-di-latina-alla-citta-politica-incomprensibile-a-molti-ragazzi-serve-unassemblea-pubblica","status":"publish","type":"post","link":"https:\/\/www.radioluna.it\/news\/2020\/06\/i-giovani-progressisti-di-latina-alla-citta-politica-incomprensibile-a-molti-ragazzi-serve-unassemblea-pubblica\/","title":{"rendered":"I giovani progressisti di Latina alla citt\u00e0: &#8220;Politica incomprensibile a molti ragazzi, serve un&#8217;assemblea pubblica&#8221;"},"content":{"rendered":"<div id=\"fb-root\"><\/div>\n<p style=\"text-align: justify;\"><strong><img loading=\"lazy\" decoding=\"async\" class=\"aligncenter wp-image-269071\" src=\"https:\/\/www.radioluna.it\/news\/wp-content\/uploads\/2020\/06\/GdMgs.jpg\" alt=\"\" width=\"934\" height=\"625\" srcset=\"https:\/\/www.radioluna.it\/news\/wp-content\/uploads\/2020\/06\/GdMgs.jpg 673w, https:\/\/www.radioluna.it\/news\/wp-content\/uploads\/2020\/06\/GdMgs-300x201.jpg 300w, https:\/\/www.radioluna.it\/news\/wp-content\/uploads\/2020\/06\/GdMgs-600x400.jpg 600w, https:\/\/www.radioluna.it\/news\/wp-content\/uploads\/2020\/06\/GdMgs-270x180.jpg 270w\" sizes=\"auto, (max-width: 934px) 100vw, 934px\" \/>LATINA &#8211;<\/strong> &#8220;<strong>Il dibattito politico cittadino \u00e8 piegato su s\u00e9 stesso, autoreferenziale e spesso dimostra una distanza siderale dalla realt\u00e0&#8221;.<\/strong> Lo fanno notare in una nota di analisi, <strong>Giovani Democratici e Movimento Giovanile della Sinistra<\/strong> a un anno dalle prossime Amministrative 2021, <strong>lanciano un accorato appello a &#8220;forze politiche progressiste, parti sociali e cittadini\u00a0 a costruire con coraggio un\u2019assemblea pubblica per la citt\u00e0 di domani&#8221;.<\/strong><\/p>\n<p style=\"text-align: justify;\"><strong>&#8220;Le nostre comunit\u00e0 giovanili<\/strong> diffuse nate in questi anni &#8211; proseguono &#8211;\u00a0 <strong>sono comunit\u00e0 vive che vogliono dare tanto alla citt\u00e0<\/strong> e si impegnano per farlo sia in politica che con processi di cittadinanza attiva&#8221; preferendo ai comunicati stampa &#8220;la via dei processi materiali: riunioni, assemblee, piazze (quando possibile), e comunque percorsi di elaborazione e di produzione \u201cdal basso\u201d.<\/p>\n<p style=\"text-align: justify;\">P<strong>artendo dal presupposto che i &#8220;codici della politica risultano talvolta di difficile comprensione&#8221;<\/strong> agli ultimi millenials cos\u00ec come ai primi nati della generazione Z, in vista delle imminenti sfide politiche, i giovani chiedono cambiamento e uno stop &#8220;ai tatticismi, dei quotidiani, delle interviste, dei tavoli&#8221;: &#8220;Se vogliamo davvero provare a dialogare, abbiamo bisogno di maggior coraggio\u00a0 &#8211; affermano &#8211; e di procedere in maniera pi\u00f9 marcata, collettiva e aperta (non solo alle forze politiche)&#8221;.<\/p>\n<p style=\"text-align: justify;\"><strong>Un invito esplicito al sindaco Damiano Coletta, a Lbc, al Pd e a Leu, alle &#8220;tante parti e realt\u00e0 sociali ancora escluse da questo dibattito e ai cittadini interessati a costruire, a partire dai prossimi giorni, un momento assembleare aperto e pubblico (chiaramente nel rispetto delle normative vigenti), per tentare di dare una base materiale e collettiva ad un dibattito che fa fatica a trovare una propria dimensione<\/strong>&#8220;.<\/p>\n<p style=\"text-align: justify;\">&#8220;Rivendichiamo\u00a0 &#8211; concludono &#8211; la centralit\u00e0 dell\u2019incontro, dell\u2019analisi e della pubblicizzazione e della condivisione dei processi come metodo dell\u2019agire politico che, specie a sinistra, dovrebbe essere una dimensione naturale. Da questo punto di vista ci sar\u00e0 tutto il nostro impegno&#8221;.<\/p>\n","protected":false},"excerpt":{"rendered":"<p>LATINA &#8211; &#8220;Il dibattito politico cittadino \u00e8 piegato su s\u00e9 stesso, autoreferenziale e spesso dimostra una distanza siderale dalla realt\u00e0&#8221;. Lo fanno notare in una nota di analisi, Giovani Democratici e Movimento Giovanile della Sinistra a un anno dalle prossime Amministrative 2021, lanciano un accorato appello a &#8220;forze politiche progressiste, parti sociali e cittadini\u00a0 a [&hellip;]<\/p>\n","protected":false},"author":62,"featured_media":253119,"comment_status":"open","ping_status":"open","sticky":false,"template":"","format":"standard","meta":{"footnotes":""},"categories":[8],"tags":[],"class_list":["post-269069","post","type-post","status-publish","format-standard","has-post-thumbnail","hentry","category-politica"],"_links":{"self":[{"href":"https:\/\/www.radioluna.it\/news\/wp-json\/wp\/v2\/posts\/269069","targetHints":{"allow":["GET"]}}],"collection":[{"href":"https:\/\/www.radioluna.it\/news\/wp-json\/wp\/v2\/posts"}],"about":[{"href":"https:\/\/www.radioluna.it\/news\/wp-json\/wp\/v2\/types\/post"}],"author":[{"embeddable":true,"href":"https:\/\/www.radioluna.it\/news\/wp-json\/wp\/v2\/users\/62"}],"replies":[{"embeddable":true,"href":"https:\/\/www.radioluna.it\/news\/wp-json\/wp\/v2\/comments?post=269069"}],"version-history":[{"count":0,"href":"https:\/\/www.radioluna.it\/news\/wp-json\/wp\/v2\/posts\/269069\/revisions"}],"wp:featuredmedia":[{"embeddable":true,"href":"https:\/\/www.radioluna.it\/news\/wp-json\/wp\/v2\/media\/253119"}],"wp:attachment":[{"href":"https:\/\/www.radioluna.it\/news\/wp-json\/wp\/v2\/media?parent=269069"}],"wp:term":[{"taxonomy":"category","embeddable":true,"href":"https:\/\/www.radioluna.it\/news\/wp-json\/wp\/v2\/categories?post=269069"},{"taxonomy":"post_tag","embeddable":true,"href":"https:\/\/www.radioluna.it\/news\/wp-json\/wp\/v2\/tags?post=269069"}],"curies":[{"name":"wp","href":"https:\/\/api.w.org\/{rel}","templated":true}]}}