{"id":269817,"date":"2020-06-27T12:25:25","date_gmt":"2020-06-27T10:25:25","guid":{"rendered":"https:\/\/www.radioluna.it\/news\/?p=269817"},"modified":"2020-06-30T19:03:31","modified_gmt":"2020-06-30T17:03:31","slug":"terza-prova-di-coppa-del-mondo-assegnata-a-sabaudia","status":"publish","type":"post","link":"https:\/\/www.radioluna.it\/news\/2020\/06\/terza-prova-di-coppa-del-mondo-assegnata-a-sabaudia\/","title":{"rendered":"Terza prova di Coppa del Mondo assegnata a Sabaudia"},"content":{"rendered":"<div id=\"fb-root\"><\/div>\n<p style=\"text-align: justify;\"><strong>SABAUDIA\u00a0<\/strong> &#8211; <strong>Sabaudia si \u00e8 aggiudicata l&#8217;organizzazione della terza prova di Coppa del Mondo di Canottaggio in programma dal 4 al 6 giugno del prossimo anno<\/strong>. La citt\u00e0 delle dune si era candidata a ospitare il prestigioso evento sportivo e la Fisa ha deciso per il &#8220;si&#8221;.<\/p>\n<p style=\"text-align: justify;\">Lo ha annunciato il presidente della <strong>Regione Lazio, Nicola Zingaretti<\/strong>: \u201cE&#8217; il segno di quanto sia stata importante, sin dalla fase di candidatura di Sabaudia, la collaborazione della Regione Lazio con il Coni e con la Federazione Italiana Canottaggio al fianco del Comune, per coltivare e valorizzare le vocazioni di sviluppo del territorio. In particolare, per noi tutti l\u2019obiettivo \u00e8 quello di sostenere e incentivare con convinzione la vocazione remiera del Comune di Sabaudia poich\u00e9, come dimostrano anche i prossimi appuntamenti legati al canottaggio gi\u00e0 in calendario, rappresenta un\u2019importante opportunit\u00e0 per mettere in vetrina le eccellenze del nostro territorio e uno straordinario volano di crescita e sviluppo per il turismo e per il tessuto economico di tutto il litorale pontino.\u201d<br \/>\nGrande soddisfazione \u00e8 stata espressa anche dal numero uno dello sport italiano, il <strong>Presidente del Coni, Giovanni <\/strong><strong>Malag\u00f2<\/strong>: \u201cLa grande capacit\u00e0 organizzativa e tecnica del complesso remiero di Sabaudia ancora una volta ha ottenuto giudizi lusinghieri della Federazione Internazionale di Canottaggio \u2013 ha precisato Malag\u00f2 &#8211; L\u2019assegnazione, nel giugno 2021, di una importante tappa di Coppa del mondo \u00e8 un risultato di grande prestigio. \u00c8 senza dubbio il meritato riconoscimento di un grande\u00a0 lavoro sinergico svolto dalle amministrazioni di Regione e Comune insieme alla Federazione Italiana e al CONI. Questa prova sar\u00e0 uno degli ultimi test in vista dei Giochi Olimpici di Tokyo che si svolgeranno poche settimane dopo. Sono certo che tutti i partecipanti quindi daranno il massimo alimentando cos\u00ec l\u2019interesse per questa competizione. Uno sguardo particolare sar\u00e0 rivolto alle atlete e agli atleti azzurri che avranno, sono certo, uno stimolo in pi\u00f9 per dare il massimo in vista dell\u2019appuntamento olimpico\u201d.<\/p>\n<p style=\"text-align: justify;\">Soddisfatto il <strong>Presidente della Federazione Italiana Canottaggio, Giuseppe Abbagnale<\/strong>: \u201cDire che sono felice, \u00e8 poco \u2013 ha spiegato il massimo dirigente della Fic \u2013 La Federazione Internazionale continua a ritenere l&#8217;Italia un Paese in grado di ospitare grandissime manifestazioni. Questo ci riempie d&#8217;orgoglio, perch\u00e9 nel prossimo quadriennio Varese e Sabaudia saranno al centro dell&#8217;attenzione internazioale. Questa terza prova di Coppa del Mondo assegnata alla citt\u00e0 delle dune nel giugno del 2021 \u00e8 la riprova di come la sinergia tra Regione, Coni, Fic e Comune, possa portare a grandi risultati. Ci siamo ripresi quello che, purtroppo, questa emergenza Covid-19 ci aveva tolto, ma il fatto che la Fisa abbia scelto di nuovo Sabaudia, \u00e8 una grande vittoria di tutti noi, di un&#8217;intera nazione remiera, pronta a portare sempre in alto i colori italiani. Sono felice, molto felice di questa assegnazione che, tra l0&#8217;altro, arriver\u00e0 a poco pi\u00f9 un mese dalle Olimpiadi. Sar\u00e0, dunque, quella di Sabaudia, una terza prova di Coppa del Mondo davvero molto attendibile\u201d.<\/p>\n<p style=\"text-align: justify;\">\u201cUn riconoscimento importante che rappresenta la rinnovata vicinanza e sostegno della Regione Lazio per l\u2019intero percorso organizzativo, che a giugno 2021 porter\u00e0 Sabaudia e tutto il territorio regionale sotto i riflettori\u00a0 internazionali, con un evento sportivo in grado di essere motore trainante per il turismo, i servizi e l\u2019economia in generale \u2013 commenta<strong> il Sindaco Giada Gervasi<\/strong> \u2013 Il mio ringraziamento va al presidente Zingaretti per aver voluto supportare la nostra citt\u00e0 e la sua progettualit\u00e0, andando a rafforzare quella vocazione sportiva che Sabaudia ha nel suo dna, maprima ancora per aver dimostrato come sia fondamentale, anche in campo amministrativo, il gioco<br \/>\ndi squadra. La cooperazione tra Enti \u00e8 infatti la colonna portante per la Coppa del Mondo di Canottaggio, in assenza della quale questa resterebbe un evento fine a se stesso. Non \u00e8 un caso che sin dal principio Coni, Fic e Marina Militare, che ringrazio per il continuo supporto, sono attori imprescindibili\u201d.<\/p>\n","protected":false},"excerpt":{"rendered":"<p>SABAUDIA\u00a0 &#8211; Sabaudia si \u00e8 aggiudicata l&#8217;organizzazione della terza prova di Coppa del Mondo di Canottaggio in programma dal 4 al 6 giugno del prossimo anno. La citt\u00e0 delle dune si era candidata a ospitare il prestigioso evento sportivo e la Fisa ha deciso per il &#8220;si&#8221;. Lo ha annunciato il presidente della Regione Lazio, [&hellip;]<\/p>\n","protected":false},"author":5430,"featured_media":262371,"comment_status":"open","ping_status":"open","sticky":false,"template":"","format":"standard","meta":{"footnotes":""},"categories":[17],"tags":[],"class_list":["post-269817","post","type-post","status-publish","format-standard","has-post-thumbnail","hentry","category-sport"],"_links":{"self":[{"href":"https:\/\/www.radioluna.it\/news\/wp-json\/wp\/v2\/posts\/269817","targetHints":{"allow":["GET"]}}],"collection":[{"href":"https:\/\/www.radioluna.it\/news\/wp-json\/wp\/v2\/posts"}],"about":[{"href":"https:\/\/www.radioluna.it\/news\/wp-json\/wp\/v2\/types\/post"}],"author":[{"embeddable":true,"href":"https:\/\/www.radioluna.it\/news\/wp-json\/wp\/v2\/users\/5430"}],"replies":[{"embeddable":true,"href":"https:\/\/www.radioluna.it\/news\/wp-json\/wp\/v2\/comments?post=269817"}],"version-history":[{"count":0,"href":"https:\/\/www.radioluna.it\/news\/wp-json\/wp\/v2\/posts\/269817\/revisions"}],"wp:featuredmedia":[{"embeddable":true,"href":"https:\/\/www.radioluna.it\/news\/wp-json\/wp\/v2\/media\/262371"}],"wp:attachment":[{"href":"https:\/\/www.radioluna.it\/news\/wp-json\/wp\/v2\/media?parent=269817"}],"wp:term":[{"taxonomy":"category","embeddable":true,"href":"https:\/\/www.radioluna.it\/news\/wp-json\/wp\/v2\/categories?post=269817"},{"taxonomy":"post_tag","embeddable":true,"href":"https:\/\/www.radioluna.it\/news\/wp-json\/wp\/v2\/tags?post=269817"}],"curies":[{"name":"wp","href":"https:\/\/api.w.org\/{rel}","templated":true}]}}