{"id":270257,"date":"2020-07-03T23:28:16","date_gmt":"2020-07-03T21:28:16","guid":{"rendered":"https:\/\/www.radioluna.it\/news\/?p=270257"},"modified":"2020-07-04T09:25:32","modified_gmt":"2020-07-04T07:25:32","slug":"puo-il-coronavirus-manifestarsi-con-segni-sulla-pelle-uno-studio-risponde","status":"publish","type":"post","link":"https:\/\/www.radioluna.it\/news\/2020\/07\/puo-il-coronavirus-manifestarsi-con-segni-sulla-pelle-uno-studio-risponde\/","title":{"rendered":"Pu\u00f2 il coronavirus manifestarsi con segni sulla pelle? Uno studio risponde"},"content":{"rendered":"<div id=\"fb-root\"><\/div>\n<p style=\"text-align: justify;\">Negli ultimi mesi i ricercatori italiani e non solo hanno impiegato tutte le loro energie nell\u2019obiettivo di individuare quante pi\u00f9 informazioni possibili sul <strong>coronavirus<\/strong>. Per questo \u00e8 stato preso in esame anche il rapporto che lega la <strong>dermatologia al Covid 19<\/strong>. Si \u00e8, cio\u00e8, cercato di capire se effettivamente esistesse una correlazione sintomatologica e dunque se anche la pelle potesse dirci qualcosa in pi\u00f9 rispetto alla presenza o meno del virus.<\/p>\n<p style=\"text-align: justify;\">Uno studio condotto da <strong>ricercatori di Lecco<\/strong> ci ha fornito qualche risposta in merito. Stando a quanto riportato al riguardo da <strong>Fabrizio Fantini,<\/strong> direttore U.O.C di Dermatologia dell\u2019ospedale lombardo, in alcuni casi la pelle potrebbe darci qualche indizio per capire il nostro stato di salute. La presenza sull\u2019<strong>epidermide<\/strong> di sintomi legati al Covid \u00e8 rara, ma non impossibile. Lo studio condotto su 300 pazienti ha permesso di rilevare alcune informazioni.<\/p>\n<p style=\"text-align: justify;\">Vi possono essere sensazioni lievi di <strong>prurito o fastidio<\/strong>, ma anche dolore o un senso di bruciore. Trattandosi di una patologia che ha molto in comune con altre <strong>infezioni virali<\/strong> non sono da escludere orticarie, ecchimosi, arrossamenti o nei casi gravi anche la rottura di vasi sanguigni.<\/p>\n<p style=\"text-align: justify;\">Ci sono, per\u00f2, anche casi in cui la presenza di questi sintomi non comporta la conferma in laboratorio che vi sia il virus. Ci\u00f2 perch\u00e9 forse il virus \u00e8 presente in percentuali talmente ridotte da permettere alle <strong>difese immunitarie<\/strong> del paziente di impedire il suo sviluppo. Questo spiega perch\u00e9 i segni che emergono attraverso la pelle si siano mostrati soprattutto in <strong>soggetti asintomatici<\/strong>. L\u2019altro dato \u00e8 che colpiscono di pi\u00f9 bambini o giovani.<\/p>\n<p style=\"text-align: justify;\">Insomma se da un lato \u00e8 bene essere accorti perch\u00e9 esiste comunque anche un legame tra la sfera dermica e il virus, d\u2019altra parte \u00e8 pur vero che la presenza di questi sintomi associata ad una <strong>carica virale bassa<\/strong> risulta almeno su questo fronte incoraggiante. In ogni caso, nel dubbio oggi \u00e8 possibile richiedere consulenze veloci anche attraverso il consulto con un <a href=\"https:\/\/davincisalute.com\/dermatologo-online\" target=\"_blank\" rel=\"noopener noreferrer\">dermatologo online<\/a>. Di certo questo tipo di ricerca \u00e8 solo agli inizi e diverse altre nozioni importanti potranno emergere da sviluppi successivi.<\/p>\n","protected":false},"excerpt":{"rendered":"<p>Negli ultimi mesi i ricercatori italiani e non solo hanno impiegato tutte le loro energie nell\u2019obiettivo di individuare quante pi\u00f9 informazioni possibili sul coronavirus. Per questo \u00e8 stato preso in esame anche il rapporto che lega la dermatologia al Covid 19. Si \u00e8, cio\u00e8, cercato di capire se effettivamente esistesse una correlazione sintomatologica e dunque [&hellip;]<\/p>\n","protected":false},"author":5438,"featured_media":270261,"comment_status":"open","ping_status":"open","sticky":false,"template":"","format":"standard","meta":{"footnotes":""},"categories":[735],"tags":[],"class_list":["post-270257","post","type-post","status-publish","format-standard","has-post-thumbnail","hentry","category-attualita"],"_links":{"self":[{"href":"https:\/\/www.radioluna.it\/news\/wp-json\/wp\/v2\/posts\/270257","targetHints":{"allow":["GET"]}}],"collection":[{"href":"https:\/\/www.radioluna.it\/news\/wp-json\/wp\/v2\/posts"}],"about":[{"href":"https:\/\/www.radioluna.it\/news\/wp-json\/wp\/v2\/types\/post"}],"author":[{"embeddable":true,"href":"https:\/\/www.radioluna.it\/news\/wp-json\/wp\/v2\/users\/5438"}],"replies":[{"embeddable":true,"href":"https:\/\/www.radioluna.it\/news\/wp-json\/wp\/v2\/comments?post=270257"}],"version-history":[{"count":0,"href":"https:\/\/www.radioluna.it\/news\/wp-json\/wp\/v2\/posts\/270257\/revisions"}],"wp:featuredmedia":[{"embeddable":true,"href":"https:\/\/www.radioluna.it\/news\/wp-json\/wp\/v2\/media\/270261"}],"wp:attachment":[{"href":"https:\/\/www.radioluna.it\/news\/wp-json\/wp\/v2\/media?parent=270257"}],"wp:term":[{"taxonomy":"category","embeddable":true,"href":"https:\/\/www.radioluna.it\/news\/wp-json\/wp\/v2\/categories?post=270257"},{"taxonomy":"post_tag","embeddable":true,"href":"https:\/\/www.radioluna.it\/news\/wp-json\/wp\/v2\/tags?post=270257"}],"curies":[{"name":"wp","href":"https:\/\/api.w.org\/{rel}","templated":true}]}}