{"id":270320,"date":"2020-07-06T06:26:56","date_gmt":"2020-07-06T04:26:56","guid":{"rendered":"https:\/\/www.radioluna.it\/news\/?p=270320"},"modified":"2020-07-06T06:28:43","modified_gmt":"2020-07-06T04:28:43","slug":"raccolta-rifiuti-medici-sindaci-al-lavoro-per-individuare-i-siti-di-raccolta","status":"publish","type":"post","link":"https:\/\/www.radioluna.it\/news\/2020\/07\/raccolta-rifiuti-medici-sindaci-al-lavoro-per-individuare-i-siti-di-raccolta\/","title":{"rendered":"Raccolta rifiuti, Medici: &#8220;Sindaci al lavoro per individuare i siti di raccolta&#8221;"},"content":{"rendered":"<div id=\"fb-root\"><\/div>\n<p style=\"text-align: justify;\"><strong>LATINA &#8211;<\/strong> &#8220;La problematica legata all\u2019attuale emergenza relativa al conferimento della quota indifferenziata che ha determinato la mancata raccolta di tale frazione nei giorni precedenti non deve essere messa in relazione con l\u2019attuale azione sinergica di tutti i sindaci della provincia di Latina che con grande senso di responsabilit\u00e0 e nonostante l&#8217;insorgere di inevitabili critiche pretestuose, stanno percorrendo la strada che conduce alla costituzione dell\u2019ATO2 per la gestione virtuosa dei rifiuti in ambito provinciale al fine proprio di lasciarsi alle spalle il fallimentare sistema monopolistico che per definizione comporta costi elevati, discontinuit\u00e0 del servizio e spesso, seri problemi di natura ambientale&#8221;<\/p>\n<p style=\"text-align: justify;\">Lo dichiare il Presidente della Provincia Carlo Medici nell&#8217;ambito del dibattito che si \u00e8 aperto in questi giorni sulle difficolt\u00e0 della raccoltarifiuti per lo stop del sito di raccolta.<\/p>\n<p style=\"text-align: justify;\">&#8220;Sempre in questi giorni la\u00a0&#8211; continua Medici &#8211; la Provincia di Latina insieme ai Sindaci dei comuni interessati dal problema ha seguito da vicino. Nelle scorse settimane \u00e8 stata inviata una nota all\u2019assessore regionale contenente il lavoro finora svolto al fine dell\u2019individuazione di potenziali siti idonei ad ospitare impianti pubblici elencando una prima scrematura delle aree industriali potenzialmente idonee con la netta eccezione dell&#8217;area di Borgo Montello, La Cogna e Mazzocchio. Sar\u00e0 compito dell\u2019assemblea dei sindaci dell\u2019ATO2, una volta costituita, indicare la scelta di uno o pi\u00f9 impianti nell\u2019intero territorio provinciale, scelta che si baser\u00e0 su principi di idoneit\u00e0 dei siti ed economicit\u00e0 legata alla localizzazione al fine di rientrare nel pieno rispetto delle norme nazionali, regionali e provinciali. Questo percorso comporter\u00e0 il non ripetersi dell\u2019attuale situazione, consentendo di chiudere definitivamente e nel totale rispetto dell\u2019ambiente, il ciclo dei rifiuti&#8221;.<\/p>\n<p>&nbsp;<\/p>\n","protected":false},"excerpt":{"rendered":"<p>LATINA &#8211; &#8220;La problematica legata all\u2019attuale emergenza relativa al conferimento della quota indifferenziata che ha determinato la mancata raccolta di tale frazione nei giorni precedenti non deve essere messa in relazione con l\u2019attuale azione sinergica di tutti i sindaci della provincia di Latina che con grande senso di responsabilit\u00e0 e nonostante l&#8217;insorgere di inevitabili critiche [&hellip;]<\/p>\n","protected":false},"author":60,"featured_media":241489,"comment_status":"open","ping_status":"open","sticky":false,"template":"","format":"standard","meta":{"footnotes":""},"categories":[735],"tags":[],"class_list":["post-270320","post","type-post","status-publish","format-standard","has-post-thumbnail","hentry","category-attualita"],"_links":{"self":[{"href":"https:\/\/www.radioluna.it\/news\/wp-json\/wp\/v2\/posts\/270320","targetHints":{"allow":["GET"]}}],"collection":[{"href":"https:\/\/www.radioluna.it\/news\/wp-json\/wp\/v2\/posts"}],"about":[{"href":"https:\/\/www.radioluna.it\/news\/wp-json\/wp\/v2\/types\/post"}],"author":[{"embeddable":true,"href":"https:\/\/www.radioluna.it\/news\/wp-json\/wp\/v2\/users\/60"}],"replies":[{"embeddable":true,"href":"https:\/\/www.radioluna.it\/news\/wp-json\/wp\/v2\/comments?post=270320"}],"version-history":[{"count":0,"href":"https:\/\/www.radioluna.it\/news\/wp-json\/wp\/v2\/posts\/270320\/revisions"}],"wp:featuredmedia":[{"embeddable":true,"href":"https:\/\/www.radioluna.it\/news\/wp-json\/wp\/v2\/media\/241489"}],"wp:attachment":[{"href":"https:\/\/www.radioluna.it\/news\/wp-json\/wp\/v2\/media?parent=270320"}],"wp:term":[{"taxonomy":"category","embeddable":true,"href":"https:\/\/www.radioluna.it\/news\/wp-json\/wp\/v2\/categories?post=270320"},{"taxonomy":"post_tag","embeddable":true,"href":"https:\/\/www.radioluna.it\/news\/wp-json\/wp\/v2\/tags?post=270320"}],"curies":[{"name":"wp","href":"https:\/\/api.w.org\/{rel}","templated":true}]}}