{"id":270373,"date":"2020-07-06T18:45:33","date_gmt":"2020-07-06T16:45:33","guid":{"rendered":"https:\/\/www.radioluna.it\/news\/?p=270373"},"modified":"2020-07-07T21:07:45","modified_gmt":"2020-07-07T19:07:45","slug":"matteo-garrone-gira-a-ninfa-per-dior","status":"publish","type":"post","link":"https:\/\/www.radioluna.it\/news\/2020\/07\/matteo-garrone-gira-a-ninfa-per-dior\/","title":{"rendered":"Matteo Garrone gira a Ninfa per Dior"},"content":{"rendered":"<div id=\"fb-root\"><\/div>\n<p><!-- Embedded with Magic Embeds - https:\/\/magicembeds.com --><\/p>\n<div class=\"wef-measure\" style=\"max-width: 1000px;\"><\/div>\n<div class=\"fb-video\" data-href=\"https:\/\/www.facebook.com\/MatteoGarroneOfficial\/videos\/283320839580175\/\" data-allowfullscreen=\"false\" data-autoplay=\"false\" data-width=\"1000\" data-show-text=\"false\" data-show-captions=\"true\"><\/div>\n<p style=\"text-align: justify;\">LATINA &#8211; Matteo Garrone gira a Ninfa la collezione autunno-inverno firmata Diore lanciate nel primo pomeriggio di oggi sui canali social della Maison. Un lavoro durato alcuni giorni in uno scenario naturale\u00a0 che ha offerto al regista l&#8217;opportunit\u00e0 di valorizzare ancora di pi\u00f9 il lavoro della casa di moda.\u00a0 Garrone (nella foto tratta dalla pagina ufficiale del Giardino su Fb) ha voluto ringraziare personalmente e poi nello stesso film il presidente della Fondazione Roffredo Caetani, Tommaso Agnoni e il personale che si occupa della manutenzione del giardino a cui da sempre va il merito della bellezza e della cura del Monumento Naturale.<\/p>\n<p style=\"text-align: justify;\">\u201cIl regista Matteo Garrone e la casa di moda Dior \u2013 spiega il presidente della Fondazione Roffredo Caetani, Tommaso Agnoni \u2013 ci hanno fatto un regalo speciale perch\u00e9 hanno scelto di celebrare il Giardino di Ninfa nell&#8217;anno del centenario. Questo film racconta l&#8217;eccellenza di una casa di moda famosa in tutto il mondo e la racconta attraverso il luogo che forse meglio racchiude il senso di bellezza, romanticismo, la poesia della natura e della storia. Un inno alla bellezza, dunque, che non poteva non essere realizzato a Ninfa. Da anni ospitiamo i set di film, tv, delle pi\u00f9 prestigiose riviste, delle maison pi\u00f9 famose del mondo ed \u00e8 stato un vero piacere per noi avere la possibilit\u00e0 di aprire i cancelli di Ninfa alla casa di moda Dior che ringrazio e a cui va il merito di avere scelto anche un regista italiano della bravura di Matteo Garrone\u201d.<\/p>\n<p>Centenario del Giardino di Ninfa: media partner La Repubblica, patrocinio Rai. Con la collaborazione di Regione Lazio. Il Giardino di Ninfa fa parte del circuito de I Parchi Letterari.<\/p>\n","protected":false},"excerpt":{"rendered":"<p>LATINA &#8211; Matteo Garrone gira a Ninfa la collezione autunno-inverno firmata Diore lanciate nel primo pomeriggio di oggi sui canali social della Maison. Un lavoro durato alcuni giorni in uno scenario naturale\u00a0 che ha offerto al regista l&#8217;opportunit\u00e0 di valorizzare ancora di pi\u00f9 il lavoro della casa di moda.\u00a0 Garrone (nella foto tratta dalla pagina [&hellip;]<\/p>\n","protected":false},"author":62,"featured_media":270374,"comment_status":"open","ping_status":"open","sticky":false,"template":"","format":"standard","meta":{"footnotes":""},"categories":[735,2312],"tags":[],"class_list":["post-270373","post","type-post","status-publish","format-standard","has-post-thumbnail","hentry","category-attualita","category-video"],"_links":{"self":[{"href":"https:\/\/www.radioluna.it\/news\/wp-json\/wp\/v2\/posts\/270373","targetHints":{"allow":["GET"]}}],"collection":[{"href":"https:\/\/www.radioluna.it\/news\/wp-json\/wp\/v2\/posts"}],"about":[{"href":"https:\/\/www.radioluna.it\/news\/wp-json\/wp\/v2\/types\/post"}],"author":[{"embeddable":true,"href":"https:\/\/www.radioluna.it\/news\/wp-json\/wp\/v2\/users\/62"}],"replies":[{"embeddable":true,"href":"https:\/\/www.radioluna.it\/news\/wp-json\/wp\/v2\/comments?post=270373"}],"version-history":[{"count":0,"href":"https:\/\/www.radioluna.it\/news\/wp-json\/wp\/v2\/posts\/270373\/revisions"}],"wp:featuredmedia":[{"embeddable":true,"href":"https:\/\/www.radioluna.it\/news\/wp-json\/wp\/v2\/media\/270374"}],"wp:attachment":[{"href":"https:\/\/www.radioluna.it\/news\/wp-json\/wp\/v2\/media?parent=270373"}],"wp:term":[{"taxonomy":"category","embeddable":true,"href":"https:\/\/www.radioluna.it\/news\/wp-json\/wp\/v2\/categories?post=270373"},{"taxonomy":"post_tag","embeddable":true,"href":"https:\/\/www.radioluna.it\/news\/wp-json\/wp\/v2\/tags?post=270373"}],"curies":[{"name":"wp","href":"https:\/\/api.w.org\/{rel}","templated":true}]}}