{"id":270483,"date":"2020-07-08T08:38:35","date_gmt":"2020-07-08T06:38:35","guid":{"rendered":"https:\/\/www.radioluna.it\/news\/?p=270483"},"modified":"2020-07-08T08:38:35","modified_gmt":"2020-07-08T06:38:35","slug":"luca-bisconti-torna-alla-benacquista-assicurazioni-latina-basket","status":"publish","type":"post","link":"https:\/\/www.radioluna.it\/news\/2020\/07\/luca-bisconti-torna-alla-benacquista-assicurazioni-latina-basket\/","title":{"rendered":"Luca Bisconti torna alla Benacquista Assicurazioni Latina Basket"},"content":{"rendered":"<div id=\"fb-root\"><\/div>\n<p style=\"text-align: justify;\"><strong>LATINA &#8211;<\/strong> La Benacquista Assicurazioni Latina Basket annuncia ufficialmente di aver siglato un accordo annuale con l\u2019atleta Luca Bisconti, che far\u00e0 parte del roster nerazzurro nel campionato di Serie A2 al quale prender\u00e0 parte il club del Presidente Lucio Benacquista nella stagione 2020\/21. Bisconti, centro, classe 1982 per 208 cm di altezza e 100 kg di peso, \u00e8 il primo volto nuovo in casa nerazzurra, anche se in realt\u00e0 per \u201cBisco\u201d si tratta di un gradito ritorno nel capoluogo pontino, dove \u00e8 conosciutissimo perch\u00e9 ha gi\u00e0 vestito la maglia nerazzurra per 4 stagioni, nell\u2019allora AB Latina, con cui conquist\u00f2 la storica promozione in Legadue nel giugno del 2009. Per il centro nativo di Lecce si tratta di un ritorno anche nella seconda serie nazionale, dopo aver militato per diversi anni in serie B, incrementando la sua esperienza sul campo, ottenendo grandi risultati e ben altre due promozioni in A2: \u00abSono davvero molto, molto contento di poter vestire la maglia della Benacquista e poter definire nuovamente il PalaBianchini la mia casa. Sono grato al Presidente Commendator Lucio Benacquista, al General Manager Mariano Bruni, a tutta la dirigenza nerazzurra, oltre che, ovviamente, a coach Gramenzi e allo staff tecnico per avermi dato questa grande opportunit\u00e0 \u2013 esordisce Bisco \u2013 Dal canto mio far\u00f2 tutto ci\u00f2 che sar\u00e0 necessario per aiutare la squadra, so bene quale sar\u00e0 il mio ruolo dentro e fuori dal campo e sono pronto a mettermi nuovamente in gioco, perch\u00e9 soprattutto in questo periodo di grande difficolt\u00e0 creato dal Covid-19, ognuno di noi ha avuto la possibilit\u00e0 di rallentare i propri ritmi, generalmente frenetici, e fermarsi a riflettere, per poi essere pronto a ripartire con una nuova o rinnovata consapevolezza nei confronti della vita e del futuro\u00bb.<\/p>\n<p style=\"text-align: justify;\">Bisconti compir\u00e0 il prossimo 12 luglio 38 anni, ma ha lo stesso entusiasmo, la stessa grinta e la tessa emozione che da sempre caratterizzano il suo essere sportivo: \u00abSo bene che giocare in Serie A2 comporter\u00e0 da parte mia impegno e sacrificio, ed \u00e8 sicuramente una grande responsabilit\u00e0, ma sono cos\u00ec emozionato e felice che in alcuni momenti non mi sembra ancora reale. Metter\u00f2 a disposizione della squadra la mia esperienza e dar\u00f2 il massimo per ripagare la fiducia che coach Gramenzi mi ha dimostrato. Anche perch\u00e9 con Franco c\u2019\u00e8 una grande stima reciproca. Insieme abbiamo conquistato la promozione in A2 con Barcellona Pozzo di Gotto nel 2010, di cui conservo un eccellente ricordo\u00bb.<\/p>\n<p style=\"text-align: justify;\">Latina rappresenta per Luca una sorta di citt\u00e0 \u201cadottiva\u201d, dove, oltre a vivere bei momenti legati all\u2019attivit\u00e0 sportiva, ha anche incontrato sua moglie Valentina e ha scelto di vivere e crescere i loro due figli: \u00abLatina \u00e8 una piccola piazza e per me rappresenta davvero un posto speciale. \u00c8 la citt\u00e0 che mi ha accolto quando ero ancora un ragazzo, che mi ha visto diventare grande, che mi ha permesso di integrarmi non soltanto a livello sportivo, ma anche umano e lavorativo. La gente mi ha sempre dimostrato grande affetto e, da parte mia, avr\u00f2 tutto il piacere di impegnarmi il pi\u00f9 possibile per contribuire al raggiungimento degli obiettivi di squadra\u00bb.<\/p>\n<p style=\"text-align: justify;\">A \u201cBisco\u201d va il benvenuto in casa nerazzurra e un sincero e caloroso in bocca al lupo, per questa esperienza con la maglia della Latina Basket, da parte del Presidente Commendator Lucio Benacquista e di tutta la societ\u00e0 pontina.<\/p>\n","protected":false},"excerpt":{"rendered":"<p>LATINA &#8211; La Benacquista Assicurazioni Latina Basket annuncia ufficialmente di aver siglato un accordo annuale con l\u2019atleta Luca Bisconti, che far\u00e0 parte del roster nerazzurro nel campionato di Serie A2 al quale prender\u00e0 parte il club del Presidente Lucio Benacquista nella stagione 2020\/21. Bisconti, centro, classe 1982 per 208 cm di altezza e 100 kg [&hellip;]<\/p>\n","protected":false},"author":5430,"featured_media":0,"comment_status":"open","ping_status":"open","sticky":false,"template":"","format":"standard","meta":{"footnotes":""},"categories":[17],"tags":[],"class_list":["post-270483","post","type-post","status-publish","format-standard","hentry","category-sport"],"_links":{"self":[{"href":"https:\/\/www.radioluna.it\/news\/wp-json\/wp\/v2\/posts\/270483","targetHints":{"allow":["GET"]}}],"collection":[{"href":"https:\/\/www.radioluna.it\/news\/wp-json\/wp\/v2\/posts"}],"about":[{"href":"https:\/\/www.radioluna.it\/news\/wp-json\/wp\/v2\/types\/post"}],"author":[{"embeddable":true,"href":"https:\/\/www.radioluna.it\/news\/wp-json\/wp\/v2\/users\/5430"}],"replies":[{"embeddable":true,"href":"https:\/\/www.radioluna.it\/news\/wp-json\/wp\/v2\/comments?post=270483"}],"version-history":[{"count":0,"href":"https:\/\/www.radioluna.it\/news\/wp-json\/wp\/v2\/posts\/270483\/revisions"}],"wp:attachment":[{"href":"https:\/\/www.radioluna.it\/news\/wp-json\/wp\/v2\/media?parent=270483"}],"wp:term":[{"taxonomy":"category","embeddable":true,"href":"https:\/\/www.radioluna.it\/news\/wp-json\/wp\/v2\/categories?post=270483"},{"taxonomy":"post_tag","embeddable":true,"href":"https:\/\/www.radioluna.it\/news\/wp-json\/wp\/v2\/tags?post=270483"}],"curies":[{"name":"wp","href":"https:\/\/api.w.org\/{rel}","templated":true}]}}