{"id":270580,"date":"2020-07-09T18:23:52","date_gmt":"2020-07-09T16:23:52","guid":{"rendered":"https:\/\/www.radioluna.it\/news\/?p=270580"},"modified":"2020-07-11T13:19:42","modified_gmt":"2020-07-11T11:19:42","slug":"menta-rose-e-rosmarino-cosi-i-ragazzi-assistiti-si-prenderanno-cura-di-latina","status":"publish","type":"post","link":"https:\/\/www.radioluna.it\/news\/2020\/07\/menta-rose-e-rosmarino-cosi-i-ragazzi-assistiti-si-prenderanno-cura-di-latina\/","title":{"rendered":"Menta, rose e rosmarino: cos\u00ec i ragazzi assistiti si prenderanno cura di Latina"},"content":{"rendered":"<div id=\"fb-root\"><\/div>\n<p style=\"text-align: justify;\"><strong>LATINA &#8211; <\/strong>&#8220;<strong>Abbiamo l&#8217;abitudine a considerare le persone con disabilit\u00e0, persone da assistere. Questo progetto invece ribalta la prospettiva<\/strong>: saranno loro a prendersi cura degli altri mettendo al servizio della citt\u00e0 le competenze acquisite durante il nostro laboratorio&#8221;. <strong>Maurizio Cippitani, educatore e responsabile del Laboratorio ConfOrto<\/strong> che coordina lavorando con la collega <strong>Corinna<\/strong> <strong>Canori <\/strong>&#8211;\u00a0 spiega semplicemente cos\u00ec il <strong>Patto di Collaborazione<\/strong> firmato ieri in Comune dalla <strong>Diaphor\u00e0<\/strong>, il primo che mette in campo energie diversamente attive.<\/p>\n<p style=\"text-align: justify;\">Le ragazze e i ragazzi seguiti dall&#8217;associazione di volontariato che ha la sua sede su strada Fogliano hanno imparato a coltivare piante aromatiche, <strong>salvia, rosmarino, menta,<\/strong> e a seguirne la crescita fin dalla semina, innaffiandole con amore e pazienza, imparando a conoscerne gli utilizzi. In occasione della sottoscrizione dell&#8217;accordo nella <strong>Sala Calicchia del Comune di Latina<\/strong>, per esempio, quelle erbe sono diventate profumatissimi mazzolini, omaggi floreali da cui, per talea, si possono replicare altre piante.<\/p>\n<p style=\"text-align: justify;\">Ma non \u00e8 tutto. Grazie al pollice verde di Maurizio Cippitani (dicono sia capace di far crescere fiori anche sul cemento) hanno fatto nascere<strong> rose<\/strong> <strong>che pianteranno accanto alle aromatiche in quattro aiuole in Viale Italia<\/strong>, prendendosene poi cura, in un ciclo di produzione che ci si augura molto longevo. <strong>La piantumazione comincer\u00e0 a ottobre<\/strong>, un periodo favorevole, e il Comune si \u00e8 impegnato a ripristinare un allaccio d&#8217;acqua presente sullo storico viale, per consentire ai ragazzi di innaffiare con costanza, soprattutto nei primi tempi quando le piantine dovranno ambientarsi.<\/p>\n<p style=\"text-align: justify;\">&#8220;<strong>Il progetto &#8220;Diaphor\u00e0 per la citt\u00e0&#8221;\u00a0 &#8211; spiega ancora Cippitani &#8211; \u00e8 una naturale prosecuzione di quello che facciamo nel nostro orto<\/strong> nato come momento di socializzazione e impegno, ma anche produrre piante, replicarle, con l&#8217;obiettivo di portarle fuori e abbellire luoghi della citt\u00e0 che ne hanno bisogno&#8221;.<\/p>\n<p style=\"text-align: justify;\"><strong>ASCOLTA<\/strong><\/p>\n<audio class=\"wp-audio-shortcode\" id=\"audio-270580-1\" preload=\"none\" style=\"width: 100%;\" controls=\"controls\"><source type=\"audio\/mpeg\" src=\"https:\/\/www.radioluna.it\/news\/wp-content\/uploads\/2020\/07\/cippitani.mp3?_=1\" \/><a href=\"https:\/\/www.radioluna.it\/news\/wp-content\/uploads\/2020\/07\/cippitani.mp3\">https:\/\/www.radioluna.it\/news\/wp-content\/uploads\/2020\/07\/cippitani.mp3<\/a><\/audio>\n<p style=\"text-align: justify;\">Ma il patto di collaborazione firmato dalla Diaphor\u00e0 non \u00e8 stato il solo della giornata di ieri. Sono stati sottoscritti anche quello per la cura del verde sullo spartitraffico di viale Pierluigi da Palestrina, nel quartiere Q5, firmato con l&#8217;associazione <strong>Oasi Verde ODV, mentre <\/strong>l&#8217;associazione socioculturale <strong>Villaggio Trieste<\/strong> si occuper\u00e0 della cura del giardino dell&#8217;omonimo quartiere.<\/p>\n<p style=\"text-align: justify;\">&#8220;Sono esperienze che continuano a nascere perch\u00e9 oggi c&#8217;\u00e8 la possibilit\u00e0, per chi lo vuole, di essere attori nella cura della propria citt\u00e0. Il mondo dei patti di collaborazione \u00e8 il mondo della partecipazione che \u00e8 inclusiva per definizione: non serve avere carte in regola, n\u00e9 essere cittadini residenti,\u00a0 solo avere voglia di mettersi a disposizione&#8221;, ha detto l&#8217;<strong>assessora Cristina Leggio<\/strong> che ha risposto anche sull&#8217;addio ai Patti dell&#8217;associazione nata nel Quartiere Nicolosi.<\/p>\n<audio class=\"wp-audio-shortcode\" id=\"audio-270580-2\" preload=\"none\" style=\"width: 100%;\" controls=\"controls\"><source type=\"audio\/mpeg\" src=\"https:\/\/www.radioluna.it\/news\/wp-content\/uploads\/2020\/07\/cristna-leggio-patti.mp3?_=2\" \/><a href=\"https:\/\/www.radioluna.it\/news\/wp-content\/uploads\/2020\/07\/cristna-leggio-patti.mp3\">https:\/\/www.radioluna.it\/news\/wp-content\/uploads\/2020\/07\/cristna-leggio-patti.mp3<\/a><\/audio>\n<div class=\"text_exposed_show\">\n<p>&nbsp;<\/p>\n<\/div>\n","protected":false},"excerpt":{"rendered":"<p>LATINA &#8211; &#8220;Abbiamo l&#8217;abitudine a considerare le persone con disabilit\u00e0, persone da assistere. Questo progetto invece ribalta la prospettiva: saranno loro a prendersi cura degli altri mettendo al servizio della citt\u00e0 le competenze acquisite durante il nostro laboratorio&#8221;. Maurizio Cippitani, educatore e responsabile del Laboratorio ConfOrto che coordina lavorando con la collega Corinna Canori &#8211;\u00a0 [&hellip;]<\/p>\n","protected":false},"author":62,"featured_media":270612,"comment_status":"open","ping_status":"open","sticky":false,"template":"","format":"gallery","meta":{"footnotes":""},"categories":[735,2310,2311],"tags":[2872,2868,2871,2870,2869],"class_list":["post-270580","post","type-post","status-publish","format-gallery","has-post-thumbnail","hentry","category-attualita","category-audio","category-foto","tag-bruno-mucci","tag-latina-notizie-di-latina-diaphora","tag-maurizio-cippitani","tag-patti-di-collaborazione","tag-viale-italia","post_format-post-format-gallery"],"_links":{"self":[{"href":"https:\/\/www.radioluna.it\/news\/wp-json\/wp\/v2\/posts\/270580","targetHints":{"allow":["GET"]}}],"collection":[{"href":"https:\/\/www.radioluna.it\/news\/wp-json\/wp\/v2\/posts"}],"about":[{"href":"https:\/\/www.radioluna.it\/news\/wp-json\/wp\/v2\/types\/post"}],"author":[{"embeddable":true,"href":"https:\/\/www.radioluna.it\/news\/wp-json\/wp\/v2\/users\/62"}],"replies":[{"embeddable":true,"href":"https:\/\/www.radioluna.it\/news\/wp-json\/wp\/v2\/comments?post=270580"}],"version-history":[{"count":0,"href":"https:\/\/www.radioluna.it\/news\/wp-json\/wp\/v2\/posts\/270580\/revisions"}],"wp:featuredmedia":[{"embeddable":true,"href":"https:\/\/www.radioluna.it\/news\/wp-json\/wp\/v2\/media\/270612"}],"wp:attachment":[{"href":"https:\/\/www.radioluna.it\/news\/wp-json\/wp\/v2\/media?parent=270580"}],"wp:term":[{"taxonomy":"category","embeddable":true,"href":"https:\/\/www.radioluna.it\/news\/wp-json\/wp\/v2\/categories?post=270580"},{"taxonomy":"post_tag","embeddable":true,"href":"https:\/\/www.radioluna.it\/news\/wp-json\/wp\/v2\/tags?post=270580"}],"curies":[{"name":"wp","href":"https:\/\/api.w.org\/{rel}","templated":true}]}}