{"id":270598,"date":"2020-07-09T14:05:31","date_gmt":"2020-07-09T12:05:31","guid":{"rendered":"https:\/\/www.radioluna.it\/news\/?p=270598"},"modified":"2020-07-11T13:18:18","modified_gmt":"2020-07-11T11:18:18","slug":"scegliere-luniversita-il-porte-aperte-alla-sapienza-e-in-digital-edition","status":"publish","type":"post","link":"https:\/\/www.radioluna.it\/news\/2020\/07\/scegliere-luniversita-il-porte-aperte-alla-sapienza-e-in-digital-edition\/","title":{"rendered":"Scegliere l&#8217;Universit\u00e0, il Porte Aperte alla Sapienza\u00a0\u00e8 in digital edition"},"content":{"rendered":"<div id=\"fb-root\"><\/div>\n<p>(in foto la sede di Latina della Sapienza Universit\u00e0 di Roma)<\/p>\n<p style=\"text-align: justify;\"><strong>LATINA &#8211;<\/strong>\u00a0<strong>Da marted\u00ec 14 a gioved\u00ec 16 luglio tornano le giornate di orientamento dedicate alle future matricole.<\/strong> Una vetrina on line dove sar\u00e0 possibile scoprire, restando a casa, le novit\u00e0 dell\u2019offerta formativa e dei servizi dell\u2019Ateneo per l\u2019anno accademico 2020-2021.<\/p>\n<p style=\"text-align: justify;\">La XXIV edizione di Porte aperte alla Sapienza accoglier\u00e0 quest\u2019anno per la prima volta in modalit\u00e0 telematica le future matricole per il tradizionale appuntamento dedicato all\u2019orientamento.\u00a0 In questa edizione speciale, che avr\u00e0 luogo nelle giornate del 14, 15 e 16 luglio, i visitatori potranno dialogare con docenti, personale e studenti e avranno a disposizione stand telematici dove consultare materiale informativo. Lo studente potr\u00e0 scegliere tra 288 corsi di laurea e 178 master erogati dalle 11 facolt\u00e0 dell\u2019Ateneo, alle quali si aggiunge la Scuola di Ingegneria aerospaziale. Per i pi\u00f9 bravi \u00e8 possibile candidarsi anche al college internazionale\u00a0Scuola superiore di studi avanzati.\u00a0Nel corso della manifestazione si terranno conferenze di presentazione delle facolt\u00e0 da seguire in streaming; <strong>nelle stesse giornate e negli stessi orari sar\u00e0 a disposizione uno spazio specifico per gli studenti con disabilit\u00e0 e con DSA. In tutte le conferenze sar\u00e0 presente un interprete LIS.<\/strong><\/p>\n<p style=\"text-align: justify;\">Sar\u00e0 inoltre possibile scoprire notizie, curiosit\u00e0 e luoghi dell\u2019ateneo, seguire un percorso guidato per l\u2019iscrizione ai corsi, conoscere le opportunit\u00e0 per fare esperienze di studio e lavoro all\u2019estero, seguire una videolezione e molto altro.<\/p>\n<p style=\"text-align: justify;\">\u201cIl mio augurio \u2013 afferma il rettore Eugenio Gaudio \u2013 \u00e8 che gli studenti si iscrivano numerosi, perch\u00e9 c\u2019\u00e8 bisogno di persone formate e competenti. Nel nostro paese il numero di laureati \u00e8 ancora troppo basso: come universit\u00e0 abbiamo il dovere di agevolare gli studenti nel loro percorso formativo, soprattutto quelli che hanno maggiori difficolt\u00e0 economiche, anche per le conseguenze derivate dalla pandemia\u201d.<\/p>\n<p style=\"text-align: justify;\">Il programma della manifestazione con gli orari delle conferenze \u00e8 disponibile su: Tutte le informazioni su<\/p>\n<p><a href=\"https:\/\/www.uniroma1.it\/it\/pagina\/le-giornate-di-orientamento\">https:\/\/www.uniroma1.it\/it\/pagina\/le-giornate-di-orientamento<\/a><\/p>\n<p>&nbsp;<\/p>\n","protected":false},"excerpt":{"rendered":"<p>(in foto la sede di Latina della Sapienza Universit\u00e0 di Roma) LATINA &#8211;\u00a0Da marted\u00ec 14 a gioved\u00ec 16 luglio tornano le giornate di orientamento dedicate alle future matricole. Una vetrina on line dove sar\u00e0 possibile scoprire, restando a casa, le novit\u00e0 dell\u2019offerta formativa e dei servizi dell\u2019Ateneo per l\u2019anno accademico 2020-2021. La XXIV edizione di [&hellip;]<\/p>\n","protected":false},"author":60,"featured_media":155762,"comment_status":"open","ping_status":"open","sticky":false,"template":"","format":"standard","meta":{"footnotes":""},"categories":[248],"tags":[],"class_list":["post-270598","post","type-post","status-publish","format-standard","has-post-thumbnail","hentry","category-istruzione"],"_links":{"self":[{"href":"https:\/\/www.radioluna.it\/news\/wp-json\/wp\/v2\/posts\/270598","targetHints":{"allow":["GET"]}}],"collection":[{"href":"https:\/\/www.radioluna.it\/news\/wp-json\/wp\/v2\/posts"}],"about":[{"href":"https:\/\/www.radioluna.it\/news\/wp-json\/wp\/v2\/types\/post"}],"author":[{"embeddable":true,"href":"https:\/\/www.radioluna.it\/news\/wp-json\/wp\/v2\/users\/60"}],"replies":[{"embeddable":true,"href":"https:\/\/www.radioluna.it\/news\/wp-json\/wp\/v2\/comments?post=270598"}],"version-history":[{"count":0,"href":"https:\/\/www.radioluna.it\/news\/wp-json\/wp\/v2\/posts\/270598\/revisions"}],"wp:featuredmedia":[{"embeddable":true,"href":"https:\/\/www.radioluna.it\/news\/wp-json\/wp\/v2\/media\/155762"}],"wp:attachment":[{"href":"https:\/\/www.radioluna.it\/news\/wp-json\/wp\/v2\/media?parent=270598"}],"wp:term":[{"taxonomy":"category","embeddable":true,"href":"https:\/\/www.radioluna.it\/news\/wp-json\/wp\/v2\/categories?post=270598"},{"taxonomy":"post_tag","embeddable":true,"href":"https:\/\/www.radioluna.it\/news\/wp-json\/wp\/v2\/tags?post=270598"}],"curies":[{"name":"wp","href":"https:\/\/api.w.org\/{rel}","templated":true}]}}