{"id":270610,"date":"2020-07-09T19:04:38","date_gmt":"2020-07-09T17:04:38","guid":{"rendered":"https:\/\/www.radioluna.it\/news\/?p=270610"},"modified":"2020-07-13T20:30:37","modified_gmt":"2020-07-13T18:30:37","slug":"in-un-libro-i-sogni-vissuti-del-marinaio-cosmo-di-mille","status":"publish","type":"post","link":"https:\/\/www.radioluna.it\/news\/2020\/07\/in-un-libro-i-sogni-vissuti-del-marinaio-cosmo-di-mille\/","title":{"rendered":"In un libro i Sogni vissuti del marinaio Cosmo di Mille"},"content":{"rendered":"<div id=\"fb-root\"><\/div>\n<p style=\"text-align: justify;\"><strong>SPERLONGA<\/strong> &#8211; Vive a Sperlonga in un piccolo albergo sul mare, lo stesso da 60 anni, fondato con la moglie Marcella scomparsa di recente.\u00a0 E ora che \u00e8 solo, Cosmo di Mille, 95 anni e una mente lucidissima, ha deciso di mettere in fila i ricordi e in due anni ha pubblicato due libri: <em>Come fuscelli nel vento.<\/em> Un ragazzo di Gaeta nell&#8217;autunno nero del &#8217;43 scritto con Nicola Reale (ed EBS Print) e ora il secondo: <em>Sogni vissuti di un marinaio del &#8216;900<\/em> (ed DeComporre).<\/p>\n<p style=\"text-align: justify;\">Nel secondo lavoro pubblicato di recente, l&#8217;albergatore Di Mille racconta prima il marinaio del &#8216;900, la sua prima vita, quella di giovane diplomato all\u2019Istituto Nautico \u201cCaboto\u201d di Gaeta, poi ufficiale di macchina dell&#8217;Accademia Navale di Livorno, e ancora ufficiale a bordo di numerose navi, per poi narrare la sua seconda vita: l&#8217;albergo, come \u00e8 nato e come \u00e8 cresciuto finendo per ospitare personaggi come Jiri Pelikan che anim\u00f2 la Primavera di Praga e che poi, fuggito in Italia, divenne esponente e parlamentare del Partito socialista italiano, filosofo, politico di alto livello; o il rappresentante dell\u2019Onu Staffan De Mistura o Tina Anselmi la partigiana divenuta ministra.<\/p>\n<p style=\"text-align: justify;\">Un libro in cui i ricordi personali diventano storia e storie e ci raccontano un pezzo di questa provincia.<\/p>\n","protected":false},"excerpt":{"rendered":"<p>SPERLONGA &#8211; Vive a Sperlonga in un piccolo albergo sul mare, lo stesso da 60 anni, fondato con la moglie Marcella scomparsa di recente.\u00a0 E ora che \u00e8 solo, Cosmo di Mille, 95 anni e una mente lucidissima, ha deciso di mettere in fila i ricordi e in due anni ha pubblicato due libri: Come [&hellip;]<\/p>\n","protected":false},"author":62,"featured_media":270643,"comment_status":"open","ping_status":"open","sticky":false,"template":"","format":"standard","meta":{"footnotes":""},"categories":[2424],"tags":[],"class_list":["post-270610","post","type-post","status-publish","format-standard","has-post-thumbnail","hentry","category-i-nostri-libri"],"_links":{"self":[{"href":"https:\/\/www.radioluna.it\/news\/wp-json\/wp\/v2\/posts\/270610","targetHints":{"allow":["GET"]}}],"collection":[{"href":"https:\/\/www.radioluna.it\/news\/wp-json\/wp\/v2\/posts"}],"about":[{"href":"https:\/\/www.radioluna.it\/news\/wp-json\/wp\/v2\/types\/post"}],"author":[{"embeddable":true,"href":"https:\/\/www.radioluna.it\/news\/wp-json\/wp\/v2\/users\/62"}],"replies":[{"embeddable":true,"href":"https:\/\/www.radioluna.it\/news\/wp-json\/wp\/v2\/comments?post=270610"}],"version-history":[{"count":0,"href":"https:\/\/www.radioluna.it\/news\/wp-json\/wp\/v2\/posts\/270610\/revisions"}],"wp:featuredmedia":[{"embeddable":true,"href":"https:\/\/www.radioluna.it\/news\/wp-json\/wp\/v2\/media\/270643"}],"wp:attachment":[{"href":"https:\/\/www.radioluna.it\/news\/wp-json\/wp\/v2\/media?parent=270610"}],"wp:term":[{"taxonomy":"category","embeddable":true,"href":"https:\/\/www.radioluna.it\/news\/wp-json\/wp\/v2\/categories?post=270610"},{"taxonomy":"post_tag","embeddable":true,"href":"https:\/\/www.radioluna.it\/news\/wp-json\/wp\/v2\/tags?post=270610"}],"curies":[{"name":"wp","href":"https:\/\/api.w.org\/{rel}","templated":true}]}}