{"id":271067,"date":"2020-07-15T16:07:38","date_gmt":"2020-07-15T14:07:38","guid":{"rendered":"https:\/\/www.radioluna.it\/news\/?p=271067"},"modified":"2020-07-18T06:17:17","modified_gmt":"2020-07-18T04:17:17","slug":"cultura-da-mare-presenta-lestate-del-mirto-selvatico-di-gian-luca-campagna","status":"publish","type":"post","link":"https:\/\/www.radioluna.it\/news\/2020\/07\/cultura-da-mare-presenta-lestate-del-mirto-selvatico-di-gian-luca-campagna\/","title":{"rendered":"Cultura da Mare presenta L&#8217;estate del mirto selvatico di Gian Luca Campagna"},"content":{"rendered":"<div id=\"fb-root\"><\/div>\n<p style=\"text-align: justify;\"><strong>LATINA<\/strong> &#8211; Terza serata per il festival Cultura da MARE 2020, rassegna che si svolge sulla terrazza di Gelatilandia al mare\u00a0 a Capo Portiere. Protagonisti del prossimo evento organizzato dalla casa editrice pontina labDFG, con la collaborazione del gruppo Mondo Radio e dell&#8217;Hotel Miramare, saranno, gioved\u00ec 16 luglio alle 21, Gian Luca Campagna e il suo romanzo\u00a0 <em>L\u2019estate del mirto selvatico<\/em> (Fratelli Frilli Editori). All&#8217;incontro partecipano la giornalista Rai Anna Scalfati e l\u2019editore Alessandro Vizzino.\u00a0 Le letture saranno a cura di Michela Sagnelli.<\/p>\n<p style=\"text-align: justify;\">LA STORIA &#8211; Circeo, 1990. Ci sono degli adolescenti che si affacciano alla vita, la affrontano mordendola come sanno fare solo loro, si dividono in gruppi, con la banda dei buoni capeggiata da Barabba e quella del cattivo Hammer, con gli scontri, con i primi amori, le prime delusioni, le grandi invide, finch\u00e9 una notte, quella del 3 luglio che vede l\u2019Italia di Azeglio Vicini perdere ai rigori contro l\u2019Argentina di Maradona, scompare uno dei ragazzi, inghiottito dal monte Circeo. Vane saranno le ricerche dei soccorsi, una cicatrice che rester\u00e0 indelebile nel cuore di tutti i ragazzi, finch\u00e8 25 anni dopo ecco che in una cavit\u00e0 del monte un gruppo di speleologi ritrova i resti di quel ragazzo. Sar\u00e0 l&#8217;occasione per Federico Canestri, ormai uomo, scrittore affermato ma dalla vita matrimoniale in crisi, per tornare nei luoghi delle vacanze da adolescente, per fare i conti col passato, per capire chi erano gli amici e i nemici di quelle calde estati, per decifrare il rapporto col padre, per capire chi \u00e8 la moglie e per capire chi \u00e8, soprattutto, se stesso.<\/p>\n<p style=\"text-align: justify;\">Gian Luca Campagna (Latina, 1970) \u00e8 giornalista, scrittore e comunicatore. Per sua stessa ammissione, scrive e legge per evitare il processo di analfabetismo di ritorno. Ha pubblicato i romanzi \u2018Molto prima del calcio di rigore\u2019 (Draw Up, 2014), \u2018Finis terrae\u2019 (Oltre, 2016), vincitore sezione emergenti al Premio Romiti e secondo al Giallo Indipendente del Salone del Libro di Torino, \u2018Il profumo dell\u2019ultimo tango\u2019 (Historica, 2017), vincitore del premio giuria al Premio Barliario di Salerno.<\/p>\n<p>&nbsp;<\/p>\n<div class=\"radio-posizionamento-telefono-in-articoli-dopo-il-contenuto-articolo radio-entity-placement\" id=\"radio-617122962\"><div id=\"radio-1622781487\" style=\"width: 300px;height: 250px;\"><a href=\"https:\/\/www.icarspa.it\/auto\/usate\/latina\/\" aria-label=\"banner aprile icar new life &#8211; auto usate latina\"><img loading=\"lazy\" decoding=\"async\" src=\"https:\/\/www.radioluna.it\/news\/wp-content\/uploads\/2026\/02\/banner-aprile-icar-new-life-auto-usate-latina.gif\" alt=\"\"  width=\"300\" height=\"250\"   \/><\/a><\/div><\/div>","protected":false},"excerpt":{"rendered":"<p>LATINA &#8211; Terza serata per il festival Cultura da MARE 2020, rassegna che si svolge sulla terrazza di Gelatilandia al mare\u00a0 a Capo Portiere. Protagonisti del prossimo evento organizzato dalla casa editrice pontina labDFG, con la collaborazione del gruppo Mondo Radio e dell&#8217;Hotel Miramare, saranno, gioved\u00ec 16 luglio alle 21, Gian Luca Campagna e il [&hellip;]<\/p>\n","protected":false},"author":60,"featured_media":271068,"comment_status":"open","ping_status":"open","sticky":false,"template":"","format":"standard","meta":{"footnotes":""},"categories":[16],"tags":[],"class_list":["post-271067","post","type-post","status-publish","format-standard","has-post-thumbnail","hentry","category-appuntamenti"],"_links":{"self":[{"href":"https:\/\/www.radioluna.it\/news\/wp-json\/wp\/v2\/posts\/271067","targetHints":{"allow":["GET"]}}],"collection":[{"href":"https:\/\/www.radioluna.it\/news\/wp-json\/wp\/v2\/posts"}],"about":[{"href":"https:\/\/www.radioluna.it\/news\/wp-json\/wp\/v2\/types\/post"}],"author":[{"embeddable":true,"href":"https:\/\/www.radioluna.it\/news\/wp-json\/wp\/v2\/users\/60"}],"replies":[{"embeddable":true,"href":"https:\/\/www.radioluna.it\/news\/wp-json\/wp\/v2\/comments?post=271067"}],"version-history":[{"count":0,"href":"https:\/\/www.radioluna.it\/news\/wp-json\/wp\/v2\/posts\/271067\/revisions"}],"wp:featuredmedia":[{"embeddable":true,"href":"https:\/\/www.radioluna.it\/news\/wp-json\/wp\/v2\/media\/271068"}],"wp:attachment":[{"href":"https:\/\/www.radioluna.it\/news\/wp-json\/wp\/v2\/media?parent=271067"}],"wp:term":[{"taxonomy":"category","embeddable":true,"href":"https:\/\/www.radioluna.it\/news\/wp-json\/wp\/v2\/categories?post=271067"},{"taxonomy":"post_tag","embeddable":true,"href":"https:\/\/www.radioluna.it\/news\/wp-json\/wp\/v2\/tags?post=271067"}],"curies":[{"name":"wp","href":"https:\/\/api.w.org\/{rel}","templated":true}]}}