{"id":271077,"date":"2020-07-15T18:30:06","date_gmt":"2020-07-15T16:30:06","guid":{"rendered":"https:\/\/www.radioluna.it\/news\/?p=271077"},"modified":"2020-07-18T06:17:25","modified_gmt":"2020-07-18T04:17:25","slug":"libri-nel-parco-quinto-appuntamento-con-mariarosa-santiloni-e-il-suo-stanislao-nievo","status":"publish","type":"post","link":"https:\/\/www.radioluna.it\/news\/2020\/07\/libri-nel-parco-quinto-appuntamento-con-mariarosa-santiloni-e-il-suo-stanislao-nievo\/","title":{"rendered":"Libri nel Parco, quinto appuntamento con Mariarosa Santiloni e il suo Stanislao Nievo"},"content":{"rendered":"<div id=\"fb-root\"><\/div>\n<p style=\"text-align: justify;\"><strong>LATINA &#8211;<\/strong> La figura di Stanislao Nievo nel testo curato da \u00a0Mariarosa Santiloni. Si tratta degli Atti del Convegno svoltosi nell\u2019aprile del 2019 presso il Centro di Documentazione Angiolo Mazzoni a cui hanno partecipato studiosi provenienti da molte Universit\u00e0 italiane ed europee. E&#8217; il prossimo appuntamento di \u201cLibri nel Parco\u201d e in programma domani, gioved\u00ec 16 luglio alle 21 nella Corte comunale di Sabaudia, il quinto della rassegna , la rassegna organizzata da Sabaudia Culturando. \u201cStanislao Nievo e la memoria dell\u2019immagine. Novecento, Letteratura e Fotografia\u201d \u00e8 il titolo del volume che\u00a0 contiene il contributo di illustri esponenti del mondo accademico che hanno dialogato sui molteplici aspetti che legano tra loro, in modo imprescindibile, la letteratura e la fotografia.<\/p>\n<p style=\"text-align: justify;\">L\u2019incontro sar\u00e0 moderato dal prof. Rino Caputo, dell\u2019Universit\u00e0 di Roma \u201cTor Vergata e interverranno Angelo Favaro, dell\u2019Universit\u00e0 di Roma \u201cTor Vergata, Giovanni La Rosa, della \u201cLudwig Maximillians Universitat Munchen\u201d e Paola Populin, della Universit\u00e0 del Pais Vasco.<\/p>\n<p style=\"text-align: justify;\">&#8220;Si torna a parlare di Stan\u00ecs Nievo nella citt\u00e0 che tanto am\u00f2 e dove giunse, per la prima volta, bambino colmo di stupore, nel giorno della sua inaugurazione, il 15 aprile 1934&#8221;, dicono dall&#8217;associazione Sabaudia Culturando che ha sottoscritto lo scorso anno una convenzione con la Fondazione Ippolito e Stanislao Nievo, di cui Mariarosa Santiloni \u00e8 Segretario generale. &#8220;E&#8217; in quest\u2019ottica che la presentazione degli Atti del Convegno del 2019 rappresenta un importante momento di crescita culturale per l\u2019intera rassegna, giunta alla VI edizione e che gode del patrocinio del Comune di Sabaudia&#8221;.<br \/>\nL\u2019ingresso \u00e8 libero ed avverr\u00e0 seguendo le indicazioni per il contenimento della diffusione del Covid 19.<\/p>\n<div class=\"radio-posizionamento-telefono-in-articoli-dopo-il-contenuto-articolo radio-entity-placement\" id=\"radio-638214788\"><div id=\"radio-1910035676\" style=\"width: 300px;height: 250px;\"><a href=\"https:\/\/www.icarspa.it\/auto\/usate\/latina\/\" aria-label=\"banner aprile icar new life &#8211; auto usate latina\"><img loading=\"lazy\" decoding=\"async\" src=\"https:\/\/www.radioluna.it\/news\/wp-content\/uploads\/2026\/02\/banner-aprile-icar-new-life-auto-usate-latina.gif\" alt=\"\"  width=\"300\" height=\"250\"   \/><\/a><\/div><\/div>","protected":false},"excerpt":{"rendered":"<p>LATINA &#8211; La figura di Stanislao Nievo nel testo curato da \u00a0Mariarosa Santiloni. Si tratta degli Atti del Convegno svoltosi nell\u2019aprile del 2019 presso il Centro di Documentazione Angiolo Mazzoni a cui hanno partecipato studiosi provenienti da molte Universit\u00e0 italiane ed europee. E&#8217; il prossimo appuntamento di \u201cLibri nel Parco\u201d e in programma domani, gioved\u00ec [&hellip;]<\/p>\n","protected":false},"author":62,"featured_media":271082,"comment_status":"open","ping_status":"open","sticky":false,"template":"","format":"standard","meta":{"footnotes":""},"categories":[16],"tags":[],"class_list":["post-271077","post","type-post","status-publish","format-standard","has-post-thumbnail","hentry","category-appuntamenti"],"_links":{"self":[{"href":"https:\/\/www.radioluna.it\/news\/wp-json\/wp\/v2\/posts\/271077","targetHints":{"allow":["GET"]}}],"collection":[{"href":"https:\/\/www.radioluna.it\/news\/wp-json\/wp\/v2\/posts"}],"about":[{"href":"https:\/\/www.radioluna.it\/news\/wp-json\/wp\/v2\/types\/post"}],"author":[{"embeddable":true,"href":"https:\/\/www.radioluna.it\/news\/wp-json\/wp\/v2\/users\/62"}],"replies":[{"embeddable":true,"href":"https:\/\/www.radioluna.it\/news\/wp-json\/wp\/v2\/comments?post=271077"}],"version-history":[{"count":0,"href":"https:\/\/www.radioluna.it\/news\/wp-json\/wp\/v2\/posts\/271077\/revisions"}],"wp:featuredmedia":[{"embeddable":true,"href":"https:\/\/www.radioluna.it\/news\/wp-json\/wp\/v2\/media\/271082"}],"wp:attachment":[{"href":"https:\/\/www.radioluna.it\/news\/wp-json\/wp\/v2\/media?parent=271077"}],"wp:term":[{"taxonomy":"category","embeddable":true,"href":"https:\/\/www.radioluna.it\/news\/wp-json\/wp\/v2\/categories?post=271077"},{"taxonomy":"post_tag","embeddable":true,"href":"https:\/\/www.radioluna.it\/news\/wp-json\/wp\/v2\/tags?post=271077"}],"curies":[{"name":"wp","href":"https:\/\/api.w.org\/{rel}","templated":true}]}}