{"id":271080,"date":"2020-07-15T18:13:10","date_gmt":"2020-07-15T16:13:10","guid":{"rendered":"https:\/\/www.radioluna.it\/news\/?p=271080"},"modified":"2020-07-15T20:35:08","modified_gmt":"2020-07-15T18:35:08","slug":"sosta-a-pagamento-il-consiglio-di-stato-da-ragione-al-comune-di-latina","status":"publish","type":"post","link":"https:\/\/www.radioluna.it\/news\/2020\/07\/sosta-a-pagamento-il-consiglio-di-stato-da-ragione-al-comune-di-latina\/","title":{"rendered":"Sosta a pagamento, sulla gara il Consiglio di Stato d\u00e0 ragione al Comune di Latina"},"content":{"rendered":"<div id=\"fb-root\"><\/div>\n<p style=\"text-align: justify;\"><strong>LATINA<\/strong> &#8211; Il Consiglio di Stato d\u00e0 ragione al Comune di Latina sulla gara per l\u2019affidamento del servizio di gestione della sosta a pagamento. &#8220;Viene dunque confermata l\u2019aggiudicazione disposta in favore della SCT Group srl e l\u2019esclusione della Schiaffini Travel spa e della SIS srl&#8221;, annunciano dall&#8217;Ente in una nota.<br \/>\nSecondo quanto si legge nella sentenza n. 4515\/20, i motivi dell&#8217;impugnazione \u00abappaiono complessivamente infondati\u00a0 sia sul piano generale dei principi della disciplina del costo del lavoro nelle aggiudicazioni, sia nella parte specifica concernente le prestazioni poste in gara e da affidare\u00bb.<\/p>\n<p style=\"text-align: justify;\">\u00abGli uffici &#8211; dichiara l\u2019Assessore alla Mobilit\u00e0, Dario Bellini &#8211; sono ora impegnati nelle attivit\u00e0 propedeutiche al passaggio dall\u2019impresa uscente a quella subentrante. Nei prossimi giorni si proceder\u00e0 con l\u2019azzeramento dei parcometri per consentire l\u2019avvio del nuovo servizio previsto per il 27 luglio. L\u2019Amministrazione sta seguendo con estrema attenzione tutta la vicenda legata al corretto riassorbimento del personale. Il Comune far\u00e0 la sua parte come sempre, vigilando che venga pienamente ottemperata la clausola sociale prevista dalla gara\u00bb.<\/p>\n<p style=\"text-align: justify;\">In particolare, spiegano i giudici amministrativi, l\u2019applicazione di un determinato contratto collettivo anzich\u00e9 di un altro non pu\u00f2 determinare, in s\u00e9, l\u2019inammissibilit\u00e0 dell\u2019offerta. \u00a0Il Consiglio di Stato rileva inoltre che \u00abtale contratto sembra del tutto pi\u00f9 appropriato a quello del personale dei ferrotramvieri\u00bb e che \u00abin ogni caso &#8211; si legge nella sentenza &#8211; l\u2019offerta economica del r.t.i. SCT non pu\u00f2 essere tacciata di non conformit\u00e0 alla legge di gara, visto che essa garantisce l\u2019assorbimento del personale del gestore uscente e con trattamento economico rientrante in un contratto collettivo di lavoro\u00bb.<br \/>\nI giudici chiariscono inoltre che \u00abpoich\u00e9 risulta che il concessionario agisce quale mero sostituto dell\u2019ente nello sfruttamento dei beni, viene a mancare il presupposto della tassazione\u00bb Tosap.<\/p>\n<p>&nbsp;<\/p>\n","protected":false},"excerpt":{"rendered":"<p>LATINA &#8211; Il Consiglio di Stato d\u00e0 ragione al Comune di Latina sulla gara per l\u2019affidamento del servizio di gestione della sosta a pagamento. &#8220;Viene dunque confermata l\u2019aggiudicazione disposta in favore della SCT Group srl e l\u2019esclusione della Schiaffini Travel spa e della SIS srl&#8221;, annunciano dall&#8217;Ente in una nota. Secondo quanto si legge nella [&hellip;]<\/p>\n","protected":false},"author":62,"featured_media":152333,"comment_status":"open","ping_status":"open","sticky":false,"template":"","format":"standard","meta":{"footnotes":""},"categories":[2403],"tags":[],"class_list":["post-271080","post","type-post","status-publish","format-standard","has-post-thumbnail","hentry","category-le-cose-in-comune"],"_links":{"self":[{"href":"https:\/\/www.radioluna.it\/news\/wp-json\/wp\/v2\/posts\/271080","targetHints":{"allow":["GET"]}}],"collection":[{"href":"https:\/\/www.radioluna.it\/news\/wp-json\/wp\/v2\/posts"}],"about":[{"href":"https:\/\/www.radioluna.it\/news\/wp-json\/wp\/v2\/types\/post"}],"author":[{"embeddable":true,"href":"https:\/\/www.radioluna.it\/news\/wp-json\/wp\/v2\/users\/62"}],"replies":[{"embeddable":true,"href":"https:\/\/www.radioluna.it\/news\/wp-json\/wp\/v2\/comments?post=271080"}],"version-history":[{"count":0,"href":"https:\/\/www.radioluna.it\/news\/wp-json\/wp\/v2\/posts\/271080\/revisions"}],"wp:featuredmedia":[{"embeddable":true,"href":"https:\/\/www.radioluna.it\/news\/wp-json\/wp\/v2\/media\/152333"}],"wp:attachment":[{"href":"https:\/\/www.radioluna.it\/news\/wp-json\/wp\/v2\/media?parent=271080"}],"wp:term":[{"taxonomy":"category","embeddable":true,"href":"https:\/\/www.radioluna.it\/news\/wp-json\/wp\/v2\/categories?post=271080"},{"taxonomy":"post_tag","embeddable":true,"href":"https:\/\/www.radioluna.it\/news\/wp-json\/wp\/v2\/tags?post=271080"}],"curies":[{"name":"wp","href":"https:\/\/api.w.org\/{rel}","templated":true}]}}