{"id":271199,"date":"2020-07-16T17:16:29","date_gmt":"2020-07-16T15:16:29","guid":{"rendered":"https:\/\/www.radioluna.it\/news\/?p=271199"},"modified":"2020-07-18T06:16:31","modified_gmt":"2020-07-18T04:16:31","slug":"il-viceministro-sileri-a-latina-per-il-festival-come-il-vento-nel-mare","status":"publish","type":"post","link":"https:\/\/www.radioluna.it\/news\/2020\/07\/il-viceministro-sileri-a-latina-per-il-festival-come-il-vento-nel-mare\/","title":{"rendered":"Il viceministro Sileri a Latina per il Festival Come Il vento nel Mare"},"content":{"rendered":"<div id=\"fb-root\"><\/div>\n<p><em>(nella foto Sileri in visita al Goretti di Latina durante il lockdown)<\/em><\/p>\n<p style=\"text-align: justify;\"><strong>LATINA &#8211;<\/strong> Il viceministro alla Salute Pierpaolo Sileri\u00a0 sar\u00e0 a Latina domani (venerd\u00ec 17 luglio) alle 20 per il secondo appuntamento del Festival\u00a0 Come Il Vento Nel Mare. All\u2019Hotel Miramare a Capoportiere, il direttore della rassegna culturale Andrea Alicandro intervister\u00e0 uno dei protagonisti politici dell\u2019emergenza sanitaria.<\/p>\n<p style=\"text-align: justify;\">\u201cDurante il lockdown \u00e8 stata dura silenziare la cultura nelle sue forme fisiche, in presenza, ed \u00e8 stato altrettanto difficile ritardare le attivit\u00e0 produttive legate alla cultura, anche se \u00e8 stato uno sforzo doveroso e dal punto di vista sanitario imprescindibile \u00a0\u00a0La cultura, intesa come cinema, tradizioni popolari e letteratura, teatro e musica, in qualche modo ci salva l\u2019anima, mentre tutto intorno a noi si trasforma. L\u2019occasione di partecipare a Latina a Come Il Vento Nel Mare, proprio per la sua cifra culturale \u2013 dice Sileri &#8211; mi rende particolarmente lieto e grato: la cultura ci aiuta a ripartire e dobbiamo aiutare la cultura a farlo bene, in sicurezza, e con lo slancio giusto per riattivare intorno la partecipazione delle persone, il turismo culturale e non solo, le attivit\u00e0 produttive sul territorio. Qualche anno fa girava quella brutta battuta \u2018con la cultura non si mangia\u2019 alla quale oggi possiamo rispondere la cultura ci nutre\u201d.<\/p>\n<p style=\"text-align: justify;\">L&#8217;idea e di analizzare il recente passato per parlare di futuro, in una serata che, in osservanza delle norme di sicurezza, potr\u00e0 ospitare un limitato numero di persone fino ad esaurimento dei posti consentiti.<\/p>\n<p style=\"text-align: justify;\">\u201cTorneremo ad aprire i nostri spazi a tutti, come abbiamo sempre fatto \u2013 spiegano Vito Miceli e Giovanna Cunetta, presidente e organizzatrice del Festival \u2013 E queste due tappe del 2020, la prima con il premio Strega Veronesi e questa con il viceministro Sileri, stanno a dimostrare il nostro investimento, non occasionale nella cultura. E nella promozione di un territorio ricco di storia e di bellezze\u201d.<\/p>\n<div class=\"radio-posizionamento-telefono-in-articoli-dopo-il-contenuto-articolo radio-entity-placement\" id=\"radio-3190575401\"><div id=\"radio-1219368721\"><a href=\"https:\/\/grupporedi.it\/\" aria-label=\"Redi-Qr\"><img loading=\"lazy\" decoding=\"async\" src=\"https:\/\/www.radioluna.it\/news\/wp-content\/uploads\/2026\/03\/Redi-Qr.jpg\" alt=\"\"  srcset=\"https:\/\/www.radioluna.it\/news\/wp-content\/uploads\/2026\/03\/Redi-Qr.jpg 800w, https:\/\/www.radioluna.it\/news\/wp-content\/uploads\/2026\/03\/Redi-Qr-768x639.jpg 768w\" sizes=\"(max-width: 800px) 100vw, 800px\" width=\"300\" height=\"250\"   \/><\/a><\/div><\/div>","protected":false},"excerpt":{"rendered":"<p>(nella foto Sileri in visita al Goretti di Latina durante il lockdown) LATINA &#8211; Il viceministro alla Salute Pierpaolo Sileri\u00a0 sar\u00e0 a Latina domani (venerd\u00ec 17 luglio) alle 20 per il secondo appuntamento del Festival\u00a0 Come Il Vento Nel Mare. All\u2019Hotel Miramare a Capoportiere, il direttore della rassegna culturale Andrea Alicandro intervister\u00e0 uno dei protagonisti [&hellip;]<\/p>\n","protected":false},"author":60,"featured_media":265720,"comment_status":"open","ping_status":"open","sticky":false,"template":"","format":"standard","meta":{"footnotes":""},"categories":[16],"tags":[],"class_list":["post-271199","post","type-post","status-publish","format-standard","has-post-thumbnail","hentry","category-appuntamenti"],"_links":{"self":[{"href":"https:\/\/www.radioluna.it\/news\/wp-json\/wp\/v2\/posts\/271199","targetHints":{"allow":["GET"]}}],"collection":[{"href":"https:\/\/www.radioluna.it\/news\/wp-json\/wp\/v2\/posts"}],"about":[{"href":"https:\/\/www.radioluna.it\/news\/wp-json\/wp\/v2\/types\/post"}],"author":[{"embeddable":true,"href":"https:\/\/www.radioluna.it\/news\/wp-json\/wp\/v2\/users\/60"}],"replies":[{"embeddable":true,"href":"https:\/\/www.radioluna.it\/news\/wp-json\/wp\/v2\/comments?post=271199"}],"version-history":[{"count":0,"href":"https:\/\/www.radioluna.it\/news\/wp-json\/wp\/v2\/posts\/271199\/revisions"}],"wp:featuredmedia":[{"embeddable":true,"href":"https:\/\/www.radioluna.it\/news\/wp-json\/wp\/v2\/media\/265720"}],"wp:attachment":[{"href":"https:\/\/www.radioluna.it\/news\/wp-json\/wp\/v2\/media?parent=271199"}],"wp:term":[{"taxonomy":"category","embeddable":true,"href":"https:\/\/www.radioluna.it\/news\/wp-json\/wp\/v2\/categories?post=271199"},{"taxonomy":"post_tag","embeddable":true,"href":"https:\/\/www.radioluna.it\/news\/wp-json\/wp\/v2\/tags?post=271199"}],"curies":[{"name":"wp","href":"https:\/\/api.w.org\/{rel}","templated":true}]}}