{"id":271464,"date":"2020-07-17T14:57:30","date_gmt":"2020-07-17T12:57:30","guid":{"rendered":"https:\/\/www.radioluna.it\/news\/?p=271464"},"modified":"2020-07-17T14:57:30","modified_gmt":"2020-07-17T12:57:30","slug":"amministrative-a-fondi-e-terracina-tiero-basta-personalismi-il-centrodestra-deve-trovare-un-accordo","status":"publish","type":"post","link":"https:\/\/www.radioluna.it\/news\/2020\/07\/amministrative-a-fondi-e-terracina-tiero-basta-personalismi-il-centrodestra-deve-trovare-un-accordo\/","title":{"rendered":"Amministrative a Fondi e Terracina, Tiero: &#8220;Basta personalismi, il centrodestra deve trovare un accordo&#8221;"},"content":{"rendered":"<div id=\"fb-root\"><\/div>\n<p style=\"text-align: justify;\"><strong>LATINA &#8211;<\/strong> <strong>Dopo l&#8217;aspro botta a risposta tra Nicola Procaccini e Claudio Fazzone<\/strong> consumatosi a colpi di comunicati stampa per mettere in chiaro le rispettive posizioni sulle imminenti amministrative a Terracina e Fondi, <strong>interviene con una nota Enrico Tiero<\/strong> divenuto nel frattempo <strong>portavoce regionale di Fratelli D&#8217;Italia<\/strong>.<\/p>\n<p style=\"text-align: justify;\">\u201cQuesto \u00e8 il momento di f<strong>ar prevalere il senso di responsabilit\u00e0 da parte della classe dirigente del centro-destra<\/strong> della provincia di Latina e mettere in campo un\u2019alleanza di tutte le forze politiche <strong>superando i personalismi<\/strong> e\u00a0 predisponendo progetti condivisi per tutte le realt\u00e0 chiamate al rinnovo delle amministrazioni comunali\u201d. Tiero fa l&#8217;equilibrista e dopo le dichiarazioni di Procaccini sottolinea:\u00a0\u201cE\u2019 vero che ci sono stati accordi locali a macchia di leopardo, come a Gaeta dove c\u2019\u00e8 una maggioranza con sindaco forzista sostenuto anche da alcuni esponenti del Partito Democratico \u2013 sottolinea \u2013 ma ritengo che trovare dei pretesti per non dare vita ad una alleanza che \u00e8 naturale tra le forze del centro-destra a Terracina come a Fondi sia obiettivamente controproducente&#8221;.<\/p>\n<p style=\"text-align: justify;\">Conoscendo gi\u00e0 le critiche che gli verrebbero mosse visto l&#8217;accordo allargato siglato in Provincia, l&#8217;esponente di Fratelli D&#8217;Italia gioca d&#8217;anticipo: &#8220;Cosa ben diversa \u00e8 la situazione della Provincia dove, in virt\u00f9 della legge Delrio \u00e8 stato necessario privilegiare un accordo istituzionale aperto a tutte le forze politiche e alle formazioni civiche per il bene del territorio. A tale accordo hanno aderito Forza Italia, Partito Democratico e Fratelli d\u2019Italia che stanno amministrando l\u2019ente con spirito di condivisione dei progetti visto che la quasi totalit\u00e0 degli atti \u00e8 adottato all\u2019unanimit\u00e0 dal Consiglio, quindi dai rappresentanti di tutte le formazioni politiche e civiche presenti\u201d.<\/p>\n<p style=\"text-align: justify;\">\u201cAdesso\u00a0 &#8211; conclude Tiero &#8211; \u00e8 necessario superare le polemiche e eventuali dissapori personali \u2013 ripartendo dai programmi con l\u2019obiettivo di vincere le elezioni uniti. La mancata soluzione, oggi, di questi dissapori potrebbe incidere negativamente sul futuro non solo del centro destra ma delle amministrazioni chiamate al voto. H<strong>o quindi intenzione di farmi personalmente promotore di un incontro aperto a tutti i rappresentanti provinciali del centro destra \u00a0<\/strong>&#8211; conclude Tiero &#8211; per affrontare con loro, di persona questa volta e non attraverso comunicati stampa o dichiarazioni sui social, la situazione contando su una convinzione: sono molte di pi\u00f9 le cose che ci uniscono rispetto a quelle che ci dividono\u201d.<\/p>\n","protected":false},"excerpt":{"rendered":"<p>LATINA &#8211; Dopo l&#8217;aspro botta a risposta tra Nicola Procaccini e Claudio Fazzone consumatosi a colpi di comunicati stampa per mettere in chiaro le rispettive posizioni sulle imminenti amministrative a Terracina e Fondi, interviene con una nota Enrico Tiero divenuto nel frattempo portavoce regionale di Fratelli D&#8217;Italia. \u201cQuesto \u00e8 il momento di far prevalere il [&hellip;]<\/p>\n","protected":false},"author":62,"featured_media":243643,"comment_status":"open","ping_status":"open","sticky":false,"template":"","format":"standard","meta":{"footnotes":""},"categories":[8],"tags":[],"class_list":["post-271464","post","type-post","status-publish","format-standard","has-post-thumbnail","hentry","category-politica"],"_links":{"self":[{"href":"https:\/\/www.radioluna.it\/news\/wp-json\/wp\/v2\/posts\/271464","targetHints":{"allow":["GET"]}}],"collection":[{"href":"https:\/\/www.radioluna.it\/news\/wp-json\/wp\/v2\/posts"}],"about":[{"href":"https:\/\/www.radioluna.it\/news\/wp-json\/wp\/v2\/types\/post"}],"author":[{"embeddable":true,"href":"https:\/\/www.radioluna.it\/news\/wp-json\/wp\/v2\/users\/62"}],"replies":[{"embeddable":true,"href":"https:\/\/www.radioluna.it\/news\/wp-json\/wp\/v2\/comments?post=271464"}],"version-history":[{"count":0,"href":"https:\/\/www.radioluna.it\/news\/wp-json\/wp\/v2\/posts\/271464\/revisions"}],"wp:featuredmedia":[{"embeddable":true,"href":"https:\/\/www.radioluna.it\/news\/wp-json\/wp\/v2\/media\/243643"}],"wp:attachment":[{"href":"https:\/\/www.radioluna.it\/news\/wp-json\/wp\/v2\/media?parent=271464"}],"wp:term":[{"taxonomy":"category","embeddable":true,"href":"https:\/\/www.radioluna.it\/news\/wp-json\/wp\/v2\/categories?post=271464"},{"taxonomy":"post_tag","embeddable":true,"href":"https:\/\/www.radioluna.it\/news\/wp-json\/wp\/v2\/tags?post=271464"}],"curies":[{"name":"wp","href":"https:\/\/api.w.org\/{rel}","templated":true}]}}