{"id":271498,"date":"2020-07-17T19:59:35","date_gmt":"2020-07-17T17:59:35","guid":{"rendered":"https:\/\/www.radioluna.it\/news\/?p=271498"},"modified":"2020-07-17T19:59:35","modified_gmt":"2020-07-17T17:59:35","slug":"spiagge-trano-ai-balneari-i-rincari-dopo-il-covid-19-non-sono-accettabili","status":"publish","type":"post","link":"https:\/\/www.radioluna.it\/news\/2020\/07\/spiagge-trano-ai-balneari-i-rincari-dopo-il-covid-19-non-sono-accettabili\/","title":{"rendered":"Spiagge, Trano ai balneari: &#8220;I rincari dopo il Covid-19 non sono accettabili&#8221;"},"content":{"rendered":"<div id=\"fb-root\"><\/div>\n<p style=\"text-align: justify;\"><strong>LATINA<\/strong> &#8211; &#8220;Sto ricevendo numerosissime segnalazioni da parte di cittadini della provincia pontina che lamentano pesanti rincari nelle strutture balneari. Non \u00e8 questo il sistema per ripartire e non \u00e8 accettabile costringere chi, dopo i giorni difficilissimi del lockdown e alle prese con la crisi economica, ha diritto a rilassarsi qualche ora in spiaggia a spendere cifre cos\u00ec notevoli&#8221;.\u00a0 A dichiararlo \u00e8 il parlamentare di Formia Raffaele Trano, presidente della Commissione finanze alla Camera.<\/p>\n<p style=\"text-align: justify;\">Trano sottolinea che &#8220;gli aiuti concessi in questi mesi a tante categorie sono stati finalizzati a sostenere chi ha affrontato troppe difficolt\u00e0 a causa dell&#8217;emergenza coronavirus. Sono somme necessarie e che lo Stato ha il dovere di elargire, ma che allo stesso tempo aumentano il nostro debito pubblico che \u00e8 gi\u00e0 enorme. Parliamo di un debito che graver\u00e0 sui nostri figli e anche sui nostri nipoti. Non si fanno sacrifici del genere per poi permettere speculazioni da parte di chi cerca di fare cassa su altri cittadini a loro volta in affanno&#8221;.<\/p>\n<p style=\"text-align: justify;\">&#8220;Ho criticato all&#8217;inizio della pandemia le ignobili speculazioni sulle mascherine e critico ora quanto sta accadendo sul nostro litorale. Auspico quindi che vengano avviati controlli e che chi di dovere, partendo dalla Guardia di finanza, intervenga per fermare rincari iniqui. Ai balneari \u00e8 stata anche concessa una ulteriore proroga delle concessioni ed \u00e8 tantissimo. Non c&#8217;\u00e8 spazio per i furbetti e neppure per chi cerca con tali strumenti di costruirsi facili consensi elettorali&#8221;, aggiunge Trano che conclude parlando degli assembramenti: &#8220;La nostra provincia \u00e8 vicina a un focolaio come quello di Mondragone e troppi iniziano a essere i nuovi casi di Covid, . Per l&#8217;Italia un nuovo lockdown sarebbe un colpo mortale. Serve responsabilit\u00e0 e serve anche che vengano fatte rispettare le regole affinch\u00e9 le intemperanze di pochi non finiscano per rovinare la vita di tutti&#8221;.<\/p>\n","protected":false},"excerpt":{"rendered":"<p>LATINA &#8211; &#8220;Sto ricevendo numerosissime segnalazioni da parte di cittadini della provincia pontina che lamentano pesanti rincari nelle strutture balneari. Non \u00e8 questo il sistema per ripartire e non \u00e8 accettabile costringere chi, dopo i giorni difficilissimi del lockdown e alle prese con la crisi economica, ha diritto a rilassarsi qualche ora in spiaggia a [&hellip;]<\/p>\n","protected":false},"author":62,"featured_media":0,"comment_status":"open","ping_status":"open","sticky":false,"template":"","format":"standard","meta":{"footnotes":""},"categories":[8],"tags":[],"class_list":["post-271498","post","type-post","status-publish","format-standard","hentry","category-politica"],"_links":{"self":[{"href":"https:\/\/www.radioluna.it\/news\/wp-json\/wp\/v2\/posts\/271498","targetHints":{"allow":["GET"]}}],"collection":[{"href":"https:\/\/www.radioluna.it\/news\/wp-json\/wp\/v2\/posts"}],"about":[{"href":"https:\/\/www.radioluna.it\/news\/wp-json\/wp\/v2\/types\/post"}],"author":[{"embeddable":true,"href":"https:\/\/www.radioluna.it\/news\/wp-json\/wp\/v2\/users\/62"}],"replies":[{"embeddable":true,"href":"https:\/\/www.radioluna.it\/news\/wp-json\/wp\/v2\/comments?post=271498"}],"version-history":[{"count":0,"href":"https:\/\/www.radioluna.it\/news\/wp-json\/wp\/v2\/posts\/271498\/revisions"}],"wp:attachment":[{"href":"https:\/\/www.radioluna.it\/news\/wp-json\/wp\/v2\/media?parent=271498"}],"wp:term":[{"taxonomy":"category","embeddable":true,"href":"https:\/\/www.radioluna.it\/news\/wp-json\/wp\/v2\/categories?post=271498"},{"taxonomy":"post_tag","embeddable":true,"href":"https:\/\/www.radioluna.it\/news\/wp-json\/wp\/v2\/tags?post=271498"}],"curies":[{"name":"wp","href":"https:\/\/api.w.org\/{rel}","templated":true}]}}