{"id":272177,"date":"2020-07-29T08:00:50","date_gmt":"2020-07-29T06:00:50","guid":{"rendered":"https:\/\/www.radioluna.it\/news\/?p=272177"},"modified":"2020-07-29T08:00:50","modified_gmt":"2020-07-29T06:00:50","slug":"incendio-sulle-colline-di-maenza-quattro-velivoli-per-fermarlo-in-fumo-25-ettari-di-verde","status":"publish","type":"post","link":"https:\/\/www.radioluna.it\/news\/2020\/07\/incendio-sulle-colline-di-maenza-quattro-velivoli-per-fermarlo-in-fumo-25-ettari-di-verde\/","title":{"rendered":"Incendio sulle colline di Maenza quattro velivoli per fermarlo: in fumo 25 ettari di verde"},"content":{"rendered":"<div id=\"fb-root\"><\/div>\n<p><iframe loading=\"lazy\" title=\"Incendio a Maenza\" width=\"740\" height=\"416\" src=\"https:\/\/www.youtube.com\/embed\/CqmfgfQEULQ?feature=oembed\" frameborder=\"0\" allow=\"accelerometer; autoplay; clipboard-write; encrypted-media; gyroscope; picture-in-picture; web-share\" referrerpolicy=\"strict-origin-when-cross-origin\" allowfullscreen><\/iframe><\/p>\n<p style=\"text-align: justify;\"><strong>MAENZA<\/strong> &#8211; <strong>E&#8217; il secondo incendio di grosse dimensioni, altri qua e l\u00e0 hanno incenerito le colline della provincia di Latina in questa estate 2020, come se non bastasse l&#8217;emergenza sanitaria<\/strong>. Stavolta<strong> 25 ettari di macchia mediterranea lungo la Via Carpinetana a Maenza sono andati in fumo<\/strong>.<\/p>\n<p style=\"text-align: justify;\">Ci sono volute ore di lavoro, un intero pomeriggio, a spegnere le fiamme. I <strong>Vigili del Fuoco del Comando di Latina<\/strong> sono intervenuti\u00a0 con la squadra territoriale di base a Sezze che ha richiesto l&#8217;intervento di mezzi aerei, <strong>due canadair del Corpo\u00a0 e due velivoli della regione Lazio<\/strong> hanno effettuato nuerosi lanci di acqua prima di riuscire a domare il rogo. Prezioso il supporto dei volontari di Protezione Civile.<\/p>\n<p style=\"text-align: justify;\">&#8220;Riparte la stagione degli incendi sui Lepini con pericolosi roghi sia a sud che sul versante orientale: due incidenti hanno infatti interessato le montagne di Maenza e Supino &#8211; commenta il<strong> presidente della Compagnia dei Lepini, Quirino Briganti<\/strong> &#8211; Dopo il bilancio drammatico, dovuto alla sequenza di roghi dell&#8217;estate scorsa, auspichiamo che per quest&#8217;anno, soprattutto in un periodo in cui sono evidenti gli effetti delle alte temperature e del riscaldamento globale, chi di competenza metta in campo tutte le azioni possibili per prevenire e tutel<span class=\"text_exposed_show\">are il nostro ingente patrimonio ambientale. <strong>Gli incendi sono quasi sempre dolosi e vanno condannati con forza<\/strong> e determinazione. Gli atti irresponsabili, incivili e vigliacchi di chi appicca il fuoco danneggiano la biodiversit\u00e0 dei nostri boschi e mettono a repentaglio la sicurezza dei cittadini&#8221;, conclude Briganti esprimendo solidariet\u00e0 alle comunit\u00e0 coinvolte, ai vigili del fuoco e alle forze di protezione civile.<\/span><\/p>\n<div class=\"radio-posizionamento-telefono-in-articoli-dopo-il-contenuto-articolo radio-entity-placement\" id=\"radio-3054484110\"><div id=\"radio-3605330143\" style=\"width: 300px;height: 250px;\"><a href=\"https:\/\/www.icarspa.it\/auto\/usate\/latina\/\" aria-label=\"banner aprile icar new life &#8211; auto usate latina\"><img loading=\"lazy\" decoding=\"async\" src=\"https:\/\/www.radioluna.it\/news\/wp-content\/uploads\/2026\/02\/banner-aprile-icar-new-life-auto-usate-latina.gif\" alt=\"\"  width=\"300\" height=\"250\"   \/><\/a><\/div><\/div>","protected":false},"excerpt":{"rendered":"<p>MAENZA &#8211; E&#8217; il secondo incendio di grosse dimensioni, altri qua e l\u00e0 hanno incenerito le colline della provincia di Latina in questa estate 2020, come se non bastasse l&#8217;emergenza sanitaria. Stavolta 25 ettari di macchia mediterranea lungo la Via Carpinetana a Maenza sono andati in fumo. Ci sono volute ore di lavoro, un intero [&hellip;]<\/p>\n","protected":false},"author":62,"featured_media":272178,"comment_status":"open","ping_status":"open","sticky":false,"template":"","format":"video","meta":{"footnotes":""},"categories":[7,2312],"tags":[],"class_list":["post-272177","post","type-post","status-publish","format-video","has-post-thumbnail","hentry","category-cronaca","category-video","post_format-post-format-video"],"_links":{"self":[{"href":"https:\/\/www.radioluna.it\/news\/wp-json\/wp\/v2\/posts\/272177","targetHints":{"allow":["GET"]}}],"collection":[{"href":"https:\/\/www.radioluna.it\/news\/wp-json\/wp\/v2\/posts"}],"about":[{"href":"https:\/\/www.radioluna.it\/news\/wp-json\/wp\/v2\/types\/post"}],"author":[{"embeddable":true,"href":"https:\/\/www.radioluna.it\/news\/wp-json\/wp\/v2\/users\/62"}],"replies":[{"embeddable":true,"href":"https:\/\/www.radioluna.it\/news\/wp-json\/wp\/v2\/comments?post=272177"}],"version-history":[{"count":0,"href":"https:\/\/www.radioluna.it\/news\/wp-json\/wp\/v2\/posts\/272177\/revisions"}],"wp:featuredmedia":[{"embeddable":true,"href":"https:\/\/www.radioluna.it\/news\/wp-json\/wp\/v2\/media\/272178"}],"wp:attachment":[{"href":"https:\/\/www.radioluna.it\/news\/wp-json\/wp\/v2\/media?parent=272177"}],"wp:term":[{"taxonomy":"category","embeddable":true,"href":"https:\/\/www.radioluna.it\/news\/wp-json\/wp\/v2\/categories?post=272177"},{"taxonomy":"post_tag","embeddable":true,"href":"https:\/\/www.radioluna.it\/news\/wp-json\/wp\/v2\/tags?post=272177"}],"curies":[{"name":"wp","href":"https:\/\/api.w.org\/{rel}","templated":true}]}}