{"id":272194,"date":"2020-07-29T15:38:25","date_gmt":"2020-07-29T13:38:25","guid":{"rendered":"https:\/\/www.radioluna.it\/news\/?p=272194"},"modified":"2020-07-30T09:42:26","modified_gmt":"2020-07-30T07:42:26","slug":"covid-e-uffici-pubblici-chiusi-impresa-latina-scrive-al-ministro-riapriteli-troppe-inefficienze-con-lo-smart-working","status":"publish","type":"post","link":"https:\/\/www.radioluna.it\/news\/2020\/07\/covid-e-uffici-pubblici-chiusi-impresa-latina-scrive-al-ministro-riapriteli-troppe-inefficienze-con-lo-smart-working\/","title":{"rendered":"Covid e uffici pubblici chiusi, Impresa Latina scrive al Ministro: &#8220;Riapriteli, troppe inefficienze con lo smart working&#8221;"},"content":{"rendered":"<div id=\"fb-root\"><\/div>\n<p style=\"text-align: justify;\"><strong>LATINA<\/strong> &#8211; Riaprire gli uffici pubblici con il personale in presenza. Lo chiede Impresa, l&#8217;Associazione nazionale dell\u2019Industria e delle Piccole e Medie Imprese nata a Latina e aderente al sistema delle Confcommercio, dopo aver raccolto dagli associati numerosissime rimostranze &#8220;rispetto ai continui e quotidiani disservizi e inefficienze riscontrate nell\u2019erogazione dei servizi da parte della Pubblica Amministrazione, fenomeno che si \u00e8 enormemente accentuato nella fase post lockdown&#8221;. Il presidente Giampaolo Olivetti ha scritto oggi al Presidente del Consiglio dei Ministri Giuseppe Conte e al Ministro per la Pubblica Amministrazione Fabiana Dadone.<\/p>\n<p style=\"text-align: justify;\">&#8220;Le aziende sono ormai ripartite a pieno regime e dopo l\u2019iniziale esperienza dello smart working, i lavoratori sono rientrati tutti fisicamente nei reparti produttivi e negli uffici&#8221;, dice Olivetti sottolineando che &#8220;il mondo produttivo, dei commercianti, degli artigiani, dei coltivatori, dei servizi e di professionisti \u00e8 ormai pienamente operativo nonostante le difficolt\u00e0 post emergenza sanitaria&#8221; che per questa ragione &#8220;diventano fondamentali, in particolare per le imprese, tutti i servizi erogati dalla pubblica amministrazione la cui attivit\u00e0 risulta ancora fortemente limitata e rallentata&#8221;.<\/p>\n<p style=\"text-align: justify;\">Computer non funzionanti, connessioni che saltano, telefoni che squillano a vuoto: &#8220;Gli utenti\u00a0 &#8211; scrive Impresa &#8211; segnalano difficolt\u00e0 con gli uffici pubblici in questo periodo che si traducono quindi in ritardi e attese lunghissime anche per semplici documenti. Per questi motivi siamo a richiedere l\u2019immediata riapertura degli uffici pubblici con il ritorno \u201cin presenza\u201d di tutti gli impiegati agli sportelli e l\u2019operativit\u00e0 a pieno regime di tutti i servizi e le funzioni della P.A senza alcun limitazione\u201d.<\/p>\n<p style=\"text-align: justify;\">\u201cIl paradosso \u2013 sottolinea il Direttore generale di Impresa Saverio Motolese &#8211; \u00e8 che nel privato, rispettando tutte le misure previste dal protocollo sulla sicurezza, aziende e lavoratori garantiscono la presenza fisica e quindi il ritorno alla massima efficienza produttiva necessaria anche per recuperare il terreno perduto a seguito dell\u2019emergenza sanitaria. Diversamente nel pubblico &#8211; nonostante tutte le regole stabilite per la tutela della salute come ad esempio la rilevazione della temperatura corporea delle persone in entrata, l\u2019uso obbligatorio della mascherina a cui potrebbe aggiungersi la visiera, per i locali pi\u00f9 affollati non si esclude l\u2019utilizzo di barriere separatorie, orari dei servizi erogati al pubblico pi\u00f9 flessibili etc. \u2013 si \u00e8 deciso un rientro lento e molto parziale dei lavoratori che limita in modo intollerante l\u2019erogazione dei servizi della P.A. funzionali per le attivit\u00e0 imprenditoriali oltre che per i cittadini&#8221;.<\/p>\n<p style=\"text-align: justify;\">Secondo l&#8217;associazione di categoria, di fatto, &#8220;in moltissimi casi lo smart working da parte dei dipendenti pubblici si traduce nella impossibilit\u00e0 di utilizzare correttamente e nei tempi utili il servizio pubblico da parte dell\u2019utente finale\u201d.<\/p>\n<p style=\"text-align: justify;\">Nella lettera conclude il Presidente Olivetti: \u201cL\u2019obiettivo della ministra Fabiana Dadone, \u00e8 di fare in modo che la macchina pubblica possa tornare a lavorare a pieno regime entro la fine dell\u2019anno, ma mantenendo una quota di dipendenti pubblici che per tutto il 2021 continuer\u00e0 a lavorare da remoto. Questi obiettivi e propositi sembrano essere incompatibili con le necessit\u00e0 ed esigenze quotidiane dei privati cittadini, imprenditori e professionisti che invece hanno bisogno subito che la P.A. ritorni a pieno regime con la riattivazione di tutti gli uffici pubblici che erogano i servizi e con la presenza fisica di tutti i lavoratori pubblici cos\u00ec come \u00e8 gi\u00e0 e avvenuto nel privato. Tutto questo anteponendo sempre il diritto fondamentale alla salute che deve avere lo stesso grado di considerazione tra pubblico e privato.\u201d<\/p>\n<p>&nbsp;<\/p>\n<div class=\"radio-posizionamento-telefono-in-articoli-dopo-il-contenuto-articolo radio-entity-placement\" id=\"radio-2786336\"><div id=\"radio-3065330481\"><a href=\"https:\/\/grupporedi.it\/\" aria-label=\"Redi-Qr\"><img loading=\"lazy\" decoding=\"async\" src=\"https:\/\/www.radioluna.it\/news\/wp-content\/uploads\/2026\/03\/Redi-Qr.jpg\" alt=\"\"  srcset=\"https:\/\/www.radioluna.it\/news\/wp-content\/uploads\/2026\/03\/Redi-Qr.jpg 800w, https:\/\/www.radioluna.it\/news\/wp-content\/uploads\/2026\/03\/Redi-Qr-768x639.jpg 768w\" sizes=\"(max-width: 800px) 100vw, 800px\" width=\"300\" height=\"250\"   \/><\/a><\/div><\/div>","protected":false},"excerpt":{"rendered":"<p>LATINA &#8211; Riaprire gli uffici pubblici con il personale in presenza. Lo chiede Impresa, l&#8217;Associazione nazionale dell\u2019Industria e delle Piccole e Medie Imprese nata a Latina e aderente al sistema delle Confcommercio, dopo aver raccolto dagli associati numerosissime rimostranze &#8220;rispetto ai continui e quotidiani disservizi e inefficienze riscontrate nell\u2019erogazione dei servizi da parte della Pubblica [&hellip;]<\/p>\n","protected":false},"author":62,"featured_media":0,"comment_status":"open","ping_status":"open","sticky":false,"template":"","format":"standard","meta":{"footnotes":""},"categories":[11],"tags":[],"class_list":["post-272194","post","type-post","status-publish","format-standard","hentry","category-economia"],"_links":{"self":[{"href":"https:\/\/www.radioluna.it\/news\/wp-json\/wp\/v2\/posts\/272194","targetHints":{"allow":["GET"]}}],"collection":[{"href":"https:\/\/www.radioluna.it\/news\/wp-json\/wp\/v2\/posts"}],"about":[{"href":"https:\/\/www.radioluna.it\/news\/wp-json\/wp\/v2\/types\/post"}],"author":[{"embeddable":true,"href":"https:\/\/www.radioluna.it\/news\/wp-json\/wp\/v2\/users\/62"}],"replies":[{"embeddable":true,"href":"https:\/\/www.radioluna.it\/news\/wp-json\/wp\/v2\/comments?post=272194"}],"version-history":[{"count":0,"href":"https:\/\/www.radioluna.it\/news\/wp-json\/wp\/v2\/posts\/272194\/revisions"}],"wp:attachment":[{"href":"https:\/\/www.radioluna.it\/news\/wp-json\/wp\/v2\/media?parent=272194"}],"wp:term":[{"taxonomy":"category","embeddable":true,"href":"https:\/\/www.radioluna.it\/news\/wp-json\/wp\/v2\/categories?post=272194"},{"taxonomy":"post_tag","embeddable":true,"href":"https:\/\/www.radioluna.it\/news\/wp-json\/wp\/v2\/tags?post=272194"}],"curies":[{"name":"wp","href":"https:\/\/api.w.org\/{rel}","templated":true}]}}