{"id":272517,"date":"2020-08-03T07:41:39","date_gmt":"2020-08-03T05:41:39","guid":{"rendered":"https:\/\/www.radioluna.it\/news\/?p=272517"},"modified":"2020-08-06T14:09:40","modified_gmt":"2020-08-06T12:09:40","slug":"ztl-a-latina-scalo-incontro-con-il-comune","status":"publish","type":"post","link":"https:\/\/www.radioluna.it\/news\/2020\/08\/ztl-a-latina-scalo-incontro-con-il-comune\/","title":{"rendered":"Ztl a Latina Scalo, incontro con il Comune"},"content":{"rendered":"<div id=\"fb-root\"><\/div>\n<p style=\"text-align: justify;\"><strong>LATINA SCALO &#8211;<\/strong> Gioved\u00ec 30 Luglio alle 18.00 presso l\u2019ex Cinema Enal di Latina Scalo si \u00e8 tenuto un incontro pubblico con l&#8217;Amministrazione del Comune sulla questione della ZTL sperimentale in Piazza San Giuseppe.\u00a0La proposta della ZTL , gi\u00e0 in passato valutata e caldeggiata da altre organizzazioni di cittadini come il Comitato di Quartiere, \u00e8 stata in questo frangente promossa dal Presidio di Latina Scalo (gruppo privo di connotazione politica), in seguito alla richiesta espressa da numerosi cittadini di avere un luogo di aggregazione.\u00a0L&#8217;incontro \u00e8 stato per\u00f2 anche la risposta ad un documento compilato e spontaneamente presentato dal Presidio al Sindaco di Latina nel quale venivano elencate le criticit\u00e0 del luogo con l\u2019obiettivo di una rapida soluzione. Nella parte introduttiva del documento si \u00e8 espressa la necessit\u00e0 di avere, da parte dell\u2019amministrazione e dei cittadini, una nuova \u201cvisione\u201d dello Scalo dando ad esso priorit\u00e0 su alcune scelte di investimento, in quanto porta della citt\u00e0.<\/p>\n<p style=\"text-align: justify;\">Alla riunione del 30 luglio hanno partecipato, in rappresentanza del Comune: la vicesindaco Paola Briganti, l\u2019assessora alle attivit\u00e0 produttive Simona Lepori, il presidente della commissione attivit\u00e0 produttive Marco Capuccio e il consigliere comunale Emanuele Di Russo, delegato alla democrazia partecipata. Da parte dei cittadini erano presenti alcuni componenti del Presidio (Lara Fiorletta, Pietro Pasquali, Angela Fiorletta, Flavia Di Tomasso e Massimo Ferrari), il presidente del Comitato di Quartiere Marco Gubbioli e altri cittadini rappresentanti degli esercizi commerciali che hanno avanzato domande, dubbi, problemi e richieste di soluzioni.<\/p>\n<p style=\"text-align: justify;\">Tra le tante argomentazioni affrontate il focus si \u00e8 ovviamente mantenuto sull\u2019imminente attuazione di una ZTL sperimentale dal 7 Agosto fino al 13 Settembre, che riguarderebbe tutta l\u2019area di Piazza San Giuseppe e che verrebbe applicata il venerd\u00ec, il sabato e la domenica dalle ore 20,00 alle ore 24,00. La ZTL va nella direzione condivisa di far usufruire ai cittadini e ai bambini questo spazio in sicurezza e nello stesso tempo consentire alle attivit\u00e0 produttive, che operano in questo spazio e che sono state fortemente penalizzate dal Covid, di incrementare il proprio lavoro. A tale proposito, l\u2019assessora Lepori ha ribadito che vi \u00e8 ancora la possibilit\u00e0 di richiedere in modo gratuito l\u2019ampliamento degli spazi esterni e di posizionare gazebo, sottolineando che al Comune sono sinora pervenute poche richieste da parte dei commercianti di Latina Scalo, rispetto a Latina Centro e Latina Lido.<\/p>\n<p style=\"text-align: justify;\">Per quanto riguarda il divieto di transito dei mezzi pesanti in centro, tema fortemente sentito dai cittadini, l\u2019amministrazione ha effettuato nei giorni scorsi un sopralluogo per verificare lo stato della segnaletica e della viabilit\u00e0. La vicesindaco Briganti ha ribadito che \u00e8 stata avviata la procedura per la risoluzione del problema della segnaletica carente insieme al comune di Sermoneta, che ne \u00e8 direttamente coinvolto.<\/p>\n<p style=\"text-align: justify;\">Verr\u00e0 potenziata la videosorveglianza nei punti strategici ed \u00e8 allo studio la creazione di un anello ciclabile per il collegamento delle scuole di Latina Scalo e di Zone 30 nelle vicinanze delle stesse. Verranno inoltre valutate le conformit\u00e0 delle zone critiche di Latina Scalo come il cavalcavia della Stazione e Piazza dell\u2019Ambrosia.<\/p>\n<p style=\"text-align: justify;\">Per quanto riguarda il verde pubblico e la manutenzione delle strade, ci \u00e8 stato confermato che sono stati stipulati due accordi quadro con i quali saranno garantiti sistematici interventi.<\/p>\n<p style=\"text-align: justify;\">Infine sembra quasi sicura l\u2019assegnazione nei prossimi giorni del Parco Faustinella a una ditta che si occuper\u00e0 della sua apertura, cura, e gestione del chiosco.<\/p>\n<p style=\"text-align: justify;\">Una disponibilit\u00e0 al confronto che ci gratifica, commenta Massimo Ferrari del Presidio di Latina Scalo, abbiamo iniziato a confrontarci con questa amministrazione portando a conoscenza della stessa le varie problematiche e esigenze di Latina Scalo, alcune molto datate e altre invece recepite nel confronto quotidiano che abbiamo con i nostri concittadini. Siamo consapevoli delle difficolt\u00e0 che le amministrazioni hanno per la mancanza di fondi adeguati ma siamo anche soddisfatti del confronto costruttivo che stiamo portando avanti e che sta dando dei risultati e tanti altri ne dar\u00e0 nel prossimo futuro.<\/p>\n<p style=\"text-align: justify;\">Un confronto, commenta Pietro Pasquali del Presidio di Latina Scalo, tra amministrazione e cittadini che partendo dalla proposta di realizzare un ZTL temporanea e sperimentale ha toccato temi e necessit\u00e0 molto sentite e non pi\u00f9 differibili.<br \/>\nDa parte sua, l&#8217;amministrazione, ha dimostrato una attenzione e una volont\u00e0 di impegnarsi sulle problematiche dello scalo in maniera fattiva e non propagandistica. \u00c8 stato spiegato, sempre dagli amministratori, che i tempi di realizzazione di determinate opere, quando si agisce nel rispetto delle regole, non sono brevi e serve una adeguata programmazione di interventi che non pu\u00f2 pi\u00f9 essere &#8220;a domanda&#8221;.<br \/>\nLa metodologia adottata dal Presidio \u00e8 stata riconosciuta come buona prassi di interazione con l&#8217;amministrazione. Ci si augura sia solo l&#8217;inizio di un proficuo confronto finalizzato alla crescita della nostra comunit\u00e0, la strada sembra essere quella giusta, si iniziano a vedere i primi risultati, e certamente abbiamo bisogno della collaborazione di tutti, con un contributo certamente propositivo, ma anche critico purch\u00e9 finalizzato alla risoluzione dei problemi all&#8217;accoglimento delle istanze.<\/p>\n<p style=\"text-align: justify;\">Lara Fiorletta, del Presidio, sottolinea che \u00e8 auspicabile una maggiore partecipazione da parte delle persone di Latina Scalo e Angela Fiorletta, sempre del Presidio, aggiunge che \u00e8 stato utile incontrarsi e ascoltare le esigenze ed i pareri di chi aveva perplessit\u00e0 in merito alla proposta. Il dialogo \u00e8 stato costruttivo.<\/p>\n<p style=\"text-align: justify;\">Marco Gubbioli, presidente del Comitato di Quartiere, commenta cos\u00ec l&#8217;incontro: L&#8217;amministrazione sembrava propositiva, anche se mi sarei aspettato pi\u00f9 consapevolezza sul fatto che nel 2016 e nel 2017 abbiamo presentato anche noi del Comitato una brochure completa con le problematiche dello scalo, documento che per\u00f2 non fu preso in considerazione, compresa la nostra proposta del ZTL dell&#8217;anno scorso. La nostra proposta \u00e8 quella di fare una ZTL permettendo alle persone di parcheggiare all&#8217;interno, in modo da avvicinare gradualmente la popolazione di Latina Scalo all&#8217;abitudine di questa modalit\u00e0. Se l&#8217;amministrazione valutasse l&#8217;idea di aprire la strada che va dalla stazione a via delle industrie potrebbe gi\u00e0 risolvere il problema della viabilit\u00e0. In generale noi del Comitato siamo disponibili al confronto, come abbiamo sempre fatto cos\u00ec da trovare soluzioni condivise.<\/p>\n<p style=\"text-align: justify;\">Flavia Di Tomasso, del Presidio: in ogni prima esperienza di condivisione \u00e8 necessario un tempo di conoscenza e di approfondimento rispetto alle parti in campo, alle problematiche, ai linguaggi, alle aspettative&#8230; quindi sar\u00e0 un viaggio importante e impegnativo, ma necessario e soprattutto corretto, perch\u00e9 grazie al confronto e al dialogo aperto, insieme, contribuendo ognuno per le proprie possibilit\u00e0, si pu\u00f2 costruire un futuro sostenibile e un innalzamento della qualit\u00e0 della vita di una societ\u00e0; per cui trovo l&#8217;incontro, in questa direzione, un ottimo risultato.<\/p>\n","protected":false},"excerpt":{"rendered":"<p>LATINA SCALO &#8211; Gioved\u00ec 30 Luglio alle 18.00 presso l\u2019ex Cinema Enal di Latina Scalo si \u00e8 tenuto un incontro pubblico con l&#8217;Amministrazione del Comune sulla questione della ZTL sperimentale in Piazza San Giuseppe.\u00a0La proposta della ZTL , gi\u00e0 in passato valutata e caldeggiata da altre organizzazioni di cittadini come il Comitato di Quartiere, \u00e8 [&hellip;]<\/p>\n","protected":false},"author":60,"featured_media":115616,"comment_status":"open","ping_status":"open","sticky":false,"template":"","format":"standard","meta":{"footnotes":""},"categories":[735],"tags":[],"class_list":["post-272517","post","type-post","status-publish","format-standard","has-post-thumbnail","hentry","category-attualita"],"_links":{"self":[{"href":"https:\/\/www.radioluna.it\/news\/wp-json\/wp\/v2\/posts\/272517","targetHints":{"allow":["GET"]}}],"collection":[{"href":"https:\/\/www.radioluna.it\/news\/wp-json\/wp\/v2\/posts"}],"about":[{"href":"https:\/\/www.radioluna.it\/news\/wp-json\/wp\/v2\/types\/post"}],"author":[{"embeddable":true,"href":"https:\/\/www.radioluna.it\/news\/wp-json\/wp\/v2\/users\/60"}],"replies":[{"embeddable":true,"href":"https:\/\/www.radioluna.it\/news\/wp-json\/wp\/v2\/comments?post=272517"}],"version-history":[{"count":0,"href":"https:\/\/www.radioluna.it\/news\/wp-json\/wp\/v2\/posts\/272517\/revisions"}],"wp:featuredmedia":[{"embeddable":true,"href":"https:\/\/www.radioluna.it\/news\/wp-json\/wp\/v2\/media\/115616"}],"wp:attachment":[{"href":"https:\/\/www.radioluna.it\/news\/wp-json\/wp\/v2\/media?parent=272517"}],"wp:term":[{"taxonomy":"category","embeddable":true,"href":"https:\/\/www.radioluna.it\/news\/wp-json\/wp\/v2\/categories?post=272517"},{"taxonomy":"post_tag","embeddable":true,"href":"https:\/\/www.radioluna.it\/news\/wp-json\/wp\/v2\/tags?post=272517"}],"curies":[{"name":"wp","href":"https:\/\/api.w.org\/{rel}","templated":true}]}}