{"id":272550,"date":"2020-08-07T11:26:29","date_gmt":"2020-08-07T09:26:29","guid":{"rendered":"https:\/\/www.radioluna.it\/news\/?p=272550"},"modified":"2020-08-07T11:46:55","modified_gmt":"2020-08-07T09:46:55","slug":"regione-lazio-giovani-attori-in-campo-per-promuovere-luso-della-mascherina-tra-i-millennials","status":"publish","type":"post","link":"https:\/\/www.radioluna.it\/news\/2020\/08\/regione-lazio-giovani-attori-in-campo-per-promuovere-luso-della-mascherina-tra-i-millennials\/","title":{"rendered":"Regione Lazio, giovani attori in campo per promuovere l&#8217;uso della mascherina tra i millennials"},"content":{"rendered":"<div id=\"fb-root\"><\/div>\n<p><iframe loading=\"lazy\" title=\"#MaskLazio_IG Stories\" src=\"https:\/\/player.vimeo.com\/video\/444156528?h=fc1ac2334d&amp;dnt=1&amp;app_id=122963\" width=\"563\" height=\"1000\" frameborder=\"0\" allow=\"autoplay; fullscreen; picture-in-picture; clipboard-write; encrypted-media; web-share\" referrerpolicy=\"strict-origin-when-cross-origin\"><\/iframe><\/p>\n<p style=\"text-align: justify;\">Giovani attori italiani in prima fila per promuovere l&#8217;uso della mascherina. Parte #MaskLazio, insieme alla Regione Lazio i giovani interpreti hanno realizzato una campagna di comunicazione rivolta alle ragazze e ai ragazzi per sensibilizzarli all\u2019adozione delle poche e\u00a0 semplici, ma importantissime pratiche quotidiane.<\/p>\n<p style=\"text-align: justify;\">Il linguaggio \u00e8 quello dei millennials: un video e alcuni post con cui i giovani protagonisti si inquadrano col telefonino in situazioni quotidiane e parlano alludendo alla semplicit\u00e0 del gesto di indossare la mascherina, utilizzando espressioni gergali e senza riferimenti diretti al virus. In sintesi: indossare la mascherina \u00e8 semplice e non costa nulla. Il vantaggio? Continuare con gli svaghi che ci piacciono. Un messaggio essenziale e chiaro che si chiude con lo slogan: \u2018Su la maschera, gi\u00f9 i contagi\u2019.<\/p>\n<p style=\"text-align: justify;\">&#8220;Con questo slogan &#8211; spiega il Presidente della Regione Lazio\u00a0Nicola Zingaretti\u00a0&#8211; vogliamo puntare ancora di pi\u00f9 l\u2019attenzione sul contrasto al Covid-19. In questi mesi abbiamo dato tutti il massimo per bloccare il virus e tanti passi avanti abbiamo fatto, uno tra tutti la sperimentazione del vaccino che \u00e8 partita proprio in questi giorni. Tutti possiamo agire e c\u2019\u00e8 qualcosa che ognuno di noi pu\u00f2 fare, pi\u00f9 volte abbiamo sottolineato i 3 semplici comportamenti da adottare: mascherina, distanza di sicurezza, igiene delle mani. I giovani attori che hanno voluto appoggiare la Regione Lazio in questa campagna stanno dando un contributo straordinario, e a loro voglio dire grazie di cuore. L\u2019aiuto di tutti noi in questo momento \u00e8 vitale&#8221;.<\/p>\n","protected":false},"excerpt":{"rendered":"<p>Giovani attori italiani in prima fila per promuovere l&#8217;uso della mascherina. Parte #MaskLazio, insieme alla Regione Lazio i giovani interpreti hanno realizzato una campagna di comunicazione rivolta alle ragazze e ai ragazzi per sensibilizzarli all\u2019adozione delle poche e\u00a0 semplici, ma importantissime pratiche quotidiane. Il linguaggio \u00e8 quello dei millennials: un video e alcuni post con [&hellip;]<\/p>\n","protected":false},"author":62,"featured_media":272551,"comment_status":"open","ping_status":"open","sticky":false,"template":"","format":"video","meta":{"footnotes":""},"categories":[2616],"tags":[],"class_list":["post-272550","post","type-post","status-publish","format-video","has-post-thumbnail","hentry","category-sanita","post_format-post-format-video"],"_links":{"self":[{"href":"https:\/\/www.radioluna.it\/news\/wp-json\/wp\/v2\/posts\/272550","targetHints":{"allow":["GET"]}}],"collection":[{"href":"https:\/\/www.radioluna.it\/news\/wp-json\/wp\/v2\/posts"}],"about":[{"href":"https:\/\/www.radioluna.it\/news\/wp-json\/wp\/v2\/types\/post"}],"author":[{"embeddable":true,"href":"https:\/\/www.radioluna.it\/news\/wp-json\/wp\/v2\/users\/62"}],"replies":[{"embeddable":true,"href":"https:\/\/www.radioluna.it\/news\/wp-json\/wp\/v2\/comments?post=272550"}],"version-history":[{"count":0,"href":"https:\/\/www.radioluna.it\/news\/wp-json\/wp\/v2\/posts\/272550\/revisions"}],"wp:featuredmedia":[{"embeddable":true,"href":"https:\/\/www.radioluna.it\/news\/wp-json\/wp\/v2\/media\/272551"}],"wp:attachment":[{"href":"https:\/\/www.radioluna.it\/news\/wp-json\/wp\/v2\/media?parent=272550"}],"wp:term":[{"taxonomy":"category","embeddable":true,"href":"https:\/\/www.radioluna.it\/news\/wp-json\/wp\/v2\/categories?post=272550"},{"taxonomy":"post_tag","embeddable":true,"href":"https:\/\/www.radioluna.it\/news\/wp-json\/wp\/v2\/tags?post=272550"}],"curies":[{"name":"wp","href":"https:\/\/api.w.org\/{rel}","templated":true}]}}