{"id":272598,"date":"2020-08-04T19:12:49","date_gmt":"2020-08-04T17:12:49","guid":{"rendered":"https:\/\/www.radioluna.it\/news\/?p=272598"},"modified":"2020-08-04T19:12:49","modified_gmt":"2020-08-04T17:12:49","slug":"sabaudia-diventa-citta-tutto-pronto-per-la-cerimonia","status":"publish","type":"post","link":"https:\/\/www.radioluna.it\/news\/2020\/08\/sabaudia-diventa-citta-tutto-pronto-per-la-cerimonia\/","title":{"rendered":"Sabaudia diventa citt\u00e0, tutto pronto per la cerimonia"},"content":{"rendered":"<div id=\"fb-root\"><\/div>\n<p style=\"text-align: justify;\"><strong>SABAUDIA<\/strong> &#8211; Sabaudia diventa &#8220;citt\u00e0&#8221; e domani 5 agosto in Piazza del Comune si terr\u00e0 dalle 19 la seduta straordinaria del Consiglio comunale per la presa d\u2019atto del titolo conferito dal Presidente della Repubblica Sergio Mattarella in accoglimento della proposta del Ministro dell\u2019Interno Luciana Lamorgese. &#8220;Un\u2019assegnazione importante sotto il profilo istituzionale attraverso il quale la massima carica dello Stato riconosce l\u2019importanza storica, architettonica, culturale e artistica di Sabaudia, emblema di un territorio che ha saputo riscattarsi nel tempo, spodestando il contesto malarico e paludoso per iniziare, nei primi anni Trenta, un percorso virtuoso di insediamento demografico e di urbanizzazione, arrivando a definire al contempo un assetto sociale, economico e culturale degno di nota&#8221;, dicono dall&#8217;Ente.<\/p>\n<p style=\"text-align: justify;\"><strong>IL PROGRAMMA &#8211;<\/strong> Il Consiglio Comunale verr\u00e0 aperto dall\u2019Inno d\u2019Italia e l\u2019Inno alla Gioia, eseguiti dalla Banda Musicale del Comando Artiglieria Controaerei di Sabaudia diretta dal Maresciallo Pasquale Casertano.<\/p>\n<p style=\"text-align: justify;\">A conclusione dell\u2019Assise si terr\u00e0 invece il cambio del Gonfalone, della Bandiera della Citt\u00e0 di Sabaudia e della fascia tricolore del Sindaco. Il Gonfalone e la Bandiera utilizzati prima del riconoscimento del titolo di Citt\u00e0, entreranno a far parte dell\u2019archivio storico di Sabaudia e verranno esposti presso il centro di documentazione \u201cA.Mazzoni\u201d.<\/p>\n<p style=\"text-align: justify;\">A seguire, in considerazione dell\u2019alto momento istituzionale e in virt\u00f9 del senso di comunit\u00e0 che vedr\u00e0 la citt\u00e0 riunita, l\u2019Amministrazione comunale conferir\u00e0 un riconoscimento simbolico a quanti hanno offerto il proprio contributo e supporto nella gestione del problema che ha coinvolto le scuole del territorio in gran parte dell\u2019anno scolastico 2019\/2020. Il momento, all\u2019insegna della coesione e di spiccata solidariet\u00e0 sar\u00e0 introdotto da altri due brani eseguiti sempre dalla Banda dell\u2019Artiglieria: Ischia Marcia Brillante del Maestro Michele Lufrano e Otto e mezzo, dall\u2019omonimo film di Federico Fellini, del Maestro Nino Rota.<\/p>\n","protected":false},"excerpt":{"rendered":"<p>SABAUDIA &#8211; Sabaudia diventa &#8220;citt\u00e0&#8221; e domani 5 agosto in Piazza del Comune si terr\u00e0 dalle 19 la seduta straordinaria del Consiglio comunale per la presa d\u2019atto del titolo conferito dal Presidente della Repubblica Sergio Mattarella in accoglimento della proposta del Ministro dell\u2019Interno Luciana Lamorgese. &#8220;Un\u2019assegnazione importante sotto il profilo istituzionale attraverso il quale la [&hellip;]<\/p>\n","protected":false},"author":62,"featured_media":157317,"comment_status":"open","ping_status":"open","sticky":false,"template":"","format":"standard","meta":{"footnotes":""},"categories":[735],"tags":[],"class_list":["post-272598","post","type-post","status-publish","format-standard","has-post-thumbnail","hentry","category-attualita"],"_links":{"self":[{"href":"https:\/\/www.radioluna.it\/news\/wp-json\/wp\/v2\/posts\/272598","targetHints":{"allow":["GET"]}}],"collection":[{"href":"https:\/\/www.radioluna.it\/news\/wp-json\/wp\/v2\/posts"}],"about":[{"href":"https:\/\/www.radioluna.it\/news\/wp-json\/wp\/v2\/types\/post"}],"author":[{"embeddable":true,"href":"https:\/\/www.radioluna.it\/news\/wp-json\/wp\/v2\/users\/62"}],"replies":[{"embeddable":true,"href":"https:\/\/www.radioluna.it\/news\/wp-json\/wp\/v2\/comments?post=272598"}],"version-history":[{"count":0,"href":"https:\/\/www.radioluna.it\/news\/wp-json\/wp\/v2\/posts\/272598\/revisions"}],"wp:featuredmedia":[{"embeddable":true,"href":"https:\/\/www.radioluna.it\/news\/wp-json\/wp\/v2\/media\/157317"}],"wp:attachment":[{"href":"https:\/\/www.radioluna.it\/news\/wp-json\/wp\/v2\/media?parent=272598"}],"wp:term":[{"taxonomy":"category","embeddable":true,"href":"https:\/\/www.radioluna.it\/news\/wp-json\/wp\/v2\/categories?post=272598"},{"taxonomy":"post_tag","embeddable":true,"href":"https:\/\/www.radioluna.it\/news\/wp-json\/wp\/v2\/tags?post=272598"}],"curies":[{"name":"wp","href":"https:\/\/api.w.org\/{rel}","templated":true}]}}