{"id":272635,"date":"2020-08-05T11:55:34","date_gmt":"2020-08-05T09:55:34","guid":{"rendered":"https:\/\/www.radioluna.it\/news\/?p=272635"},"modified":"2020-08-05T11:55:34","modified_gmt":"2020-08-05T09:55:34","slug":"durante-e-dopo-di-noi-varate-le-nuove-linee-guida-regionali","status":"publish","type":"post","link":"https:\/\/www.radioluna.it\/news\/2020\/08\/durante-e-dopo-di-noi-varate-le-nuove-linee-guida-regionali\/","title":{"rendered":"&#8220;Durante e dopo di noi&#8221;, varate le nuove linee guida regionali"},"content":{"rendered":"<div id=\"fb-root\"><\/div>\n<p style=\"text-align: justify;\"><strong>LAZIO &#8211;<\/strong> La Regione Lazio ha varato le nuove linee guida per la realizzazione dei programmi di indipendenza abitativa del &#8220;Durante e Dopo di noi&#8221;. I destinatari sono cittadini con disabilit\u00e0 grave, privi del sostegno familiare o in vista del suo venir meno e possono accedere alla misura tramite l\u2019Ambito sovradistrettuale di riferimento. I piani vengono predisposti a seguito di una valutazione multidimensionale che rileva bisogni, aspettative, desideri\u00a0 prevalenti, all\u2019interno di un pi\u00f9 ampio progetto individuale di vita.<\/p>\n<p style=\"text-align: justify;\">\u201cL\u2019aggiornamento delle linee guida \u2013 spiega l\u2019assessore alle Politiche sociali, Welfare ed Enti locali,\u00a0Alessandra Troncarelli\u00a0\u2013 mira a individuare sul territorio regionale le modalit\u00e0 organizzative pi\u00f9 efficaci per l\u2019attivazione dei programmi. \u00c8 il risultato del costante monitoraggio sull\u2019attuazione del piano operativo regionale, attraverso incontri con gli ambiti territoriali, le aziende sanitarie, gli organismi del terzo settore, le Consulte per l\u2019handicap e le associazioni di familiari. \u00c8 frutto, inoltre, dell\u2019analisi dei dati sulla attuazione degli interventi e servizi del Dopo di noi\u201d.<\/p>\n<p style=\"text-align: justify;\">Nel concreto, i progetti possono essere realizzati in immobili iscritti nell\u2019Elenco del patrimonio immobiliare solidale (inclusa l\u2019abitazione di origine, gruppi-appartamenti o soluzioni di co-housing), organizzati come nuclei abitativi familiari di persone con disabilit\u00e0 grave che possano acquisire insieme, con gli opportuni supporti, il massimo livello possibile di autonomia nella conduzione e gestione della quotidianit\u00e0. In ogni caso, dovranno essere loro garantiti tutti gli opportuni sostegni necessari anche ad elevata intensit\u00e0, inclusi quelli per la disabilit\u00e0 gravissima. Per ogni programma \u00e8 prevista la figura di un Responsabile che si coordina con i servizi operanti sul territorio, per favorire una piena realizzazione degli obiettivi.<\/p>\n<p style=\"text-align: justify;\">\u201cLo spirito che ha guidato la Regione Lazio \u2013 continua l\u2019assessore\u00a0Troncarelli \u2013 \u00e8 la consapevolezza che vivere, con i giusti sostegni, in un ambiente piacevole e famigliare considerato come la propria casa, \u00e8 fondamentale per il benessere delle persone pi\u00f9 fragili e per lo sviluppo di una quotidianit\u00e0 il pi\u00f9 possibile autonoma e dignitosa. Favorire l\u2019inclusione sociale delle persone coinvolte significa migliorarne la qualit\u00e0 della vita. E questa \u00e8 la nostra priorit\u00e0\u201d.<\/p>\n","protected":false},"excerpt":{"rendered":"<p>LAZIO &#8211; La Regione Lazio ha varato le nuove linee guida per la realizzazione dei programmi di indipendenza abitativa del &#8220;Durante e Dopo di noi&#8221;. I destinatari sono cittadini con disabilit\u00e0 grave, privi del sostegno familiare o in vista del suo venir meno e possono accedere alla misura tramite l\u2019Ambito sovradistrettuale di riferimento. I piani [&hellip;]<\/p>\n","protected":false},"author":60,"featured_media":272259,"comment_status":"open","ping_status":"open","sticky":false,"template":"","format":"standard","meta":{"footnotes":""},"categories":[735],"tags":[],"class_list":["post-272635","post","type-post","status-publish","format-standard","has-post-thumbnail","hentry","category-attualita"],"_links":{"self":[{"href":"https:\/\/www.radioluna.it\/news\/wp-json\/wp\/v2\/posts\/272635","targetHints":{"allow":["GET"]}}],"collection":[{"href":"https:\/\/www.radioluna.it\/news\/wp-json\/wp\/v2\/posts"}],"about":[{"href":"https:\/\/www.radioluna.it\/news\/wp-json\/wp\/v2\/types\/post"}],"author":[{"embeddable":true,"href":"https:\/\/www.radioluna.it\/news\/wp-json\/wp\/v2\/users\/60"}],"replies":[{"embeddable":true,"href":"https:\/\/www.radioluna.it\/news\/wp-json\/wp\/v2\/comments?post=272635"}],"version-history":[{"count":0,"href":"https:\/\/www.radioluna.it\/news\/wp-json\/wp\/v2\/posts\/272635\/revisions"}],"wp:featuredmedia":[{"embeddable":true,"href":"https:\/\/www.radioluna.it\/news\/wp-json\/wp\/v2\/media\/272259"}],"wp:attachment":[{"href":"https:\/\/www.radioluna.it\/news\/wp-json\/wp\/v2\/media?parent=272635"}],"wp:term":[{"taxonomy":"category","embeddable":true,"href":"https:\/\/www.radioluna.it\/news\/wp-json\/wp\/v2\/categories?post=272635"},{"taxonomy":"post_tag","embeddable":true,"href":"https:\/\/www.radioluna.it\/news\/wp-json\/wp\/v2\/tags?post=272635"}],"curies":[{"name":"wp","href":"https:\/\/api.w.org\/{rel}","templated":true}]}}