{"id":272647,"date":"2020-08-06T08:36:13","date_gmt":"2020-08-06T06:36:13","guid":{"rendered":"https:\/\/www.radioluna.it\/news\/?p=272647"},"modified":"2020-08-06T08:36:13","modified_gmt":"2020-08-06T06:36:13","slug":"approvato-il-nuovo-piano-regionale-dei-rifiuti-ambiti-provinciali-autosufficienti-e-roma-dovra-essere-autonoma","status":"publish","type":"post","link":"https:\/\/www.radioluna.it\/news\/2020\/08\/approvato-il-nuovo-piano-regionale-dei-rifiuti-ambiti-provinciali-autosufficienti-e-roma-dovra-essere-autonoma\/","title":{"rendered":"Approvato il nuovo Piano Regionale dei Rifiuti: ambiti provinciali autosufficienti e Roma dovr\u00e0 essere autonoma"},"content":{"rendered":"<div id=\"fb-root\"><\/div>\n<p style=\"text-align: justify;\"><strong>LATINA &#8211; Il Lazio ha il nuovo Piano regionale di gestione dei rifiuti. La proposta arrivata in aula ed emendata accogliendo 130 emendamenti (su 700 presentati) \u00e8 stata approvata a maggioranza. Restano gli Ato<\/strong> (gli Ambiti territoriali ottimali) <strong>su base provinciale. Roma dovr\u00e0 essere autosufficiente<\/strong> per quanto riguarda gli impianti di trattamento e di smaltimento dei rifiuti <strong>e dovr\u00e0 indennizzare i Comuni se invier\u00e0 &#8211; come \u00e8 avvenuto fino ad ora &#8211; rifiuti fuori dal suo territorio<\/strong> &#8220;riconoscendo un vantaggio economico al territorio ricevente&#8221;. <strong>Si potranno utilizzare impianti presenti in altri Ato, per un periodo massimo di 36 mesi.<\/strong> Sar\u00e0 ora necessario, e la Regione si \u00e8 data 6 mesi di tempo, approvare una legge che regoli il funzionamento degli Ato e degli enti di gestione.<\/p>\n<p style=\"text-align: justify;\">Il voto finale \u00e8 arrivato al termine di una seduta iniziata marted\u00ec 28 luglio e conclusa mercoled\u00ec dopo sei sessioni di Aula e <strong>ampi dibattiti, come quelli sulla definizione degli ambiti territoriali ottimali e quelli sui termovalorizzatori.<\/strong> Il nuovo Piano si articola in quattro parti: la \u201cSezione Rifiuti Urbani\u201d, che ha impegnato maggiormente l\u2019Aula, con cinque sedute dedicate; la \u201cSezione Rifiuti Speciali\u201d; la \u201cSezione Criteri di Localizzazione\u201d; infine, la \u201cValutazione ambientale strategica\u201d (Vas), non emendabile.<\/p>\n<p style=\"text-align: justify;\">I singoli Comuni, entro 180 giorni dall\u2019entrata in vigore del Piano, potranno chiedere di essere assegnati a un Ato differente da quello \u201cterritoriale\u201d.<\/p>\n<p><a href=\"http:\/\/www.consiglio.regione.lazio.it\/consiglio-regionale\/?vw=newsDettaglio&amp;id=2812#.XymvHxSZHcs\">LA RELAZIONE DELL&#8217;ASSESSORE VALERIANI\u00a0<\/a><\/p>\n<p style=\"text-align: justify;\"><strong><img loading=\"lazy\" decoding=\"async\" class=\"alignleft size-thumbnail wp-image-271103\" src=\"https:\/\/www.radioluna.it\/news\/wp-content\/uploads\/2020\/07\/salvatore-La-Penna-150x150.jpg\" alt=\"\" width=\"150\" height=\"150\" srcset=\"https:\/\/www.radioluna.it\/news\/wp-content\/uploads\/2020\/07\/salvatore-La-Penna-150x150.jpg 150w, https:\/\/www.radioluna.it\/news\/wp-content\/uploads\/2020\/07\/salvatore-La-Penna-80x80.jpg 80w\" sizes=\"auto, (max-width: 150px) 100vw, 150px\" \/>L&#8217;EMENDAMENTO PONTINO<\/strong> &#8211; \u201cGrazie a un emendamento al Piano Regionale dei Rifiuti di cui siamo firmatari, \u00e8 stato inserito il principio secondo il quale nella localizzazione dei nuovi impianti di ciascun Ambito Territoriale \u00e8 necessario garantire un criterio di omogeneit\u00e0 territoriale, in modo da <strong>non determinare carichi ambientali eccessivi laddove la capacit\u00e0 di trattamento degli impianti soddisfi il fabbisogno dell\u2019intero Ambito<\/strong> &#8211; dichiarano \u00a0in una nota,\u00a0 Salvatore La Penna consigliere regionale del Pd espresso dalla provincia di\u00a0 Latina e Marta Bonafoni, Capogruppo della Lista Civica Zingaretti &#8211;\u00a0 Crediamo sia <strong>un principio importante, teso alla salvaguardia del territorio, in particolare modo dell&#8217;area di Aprilia e di un segmento rilevante dell\u2019area nord della provincia pontina.<\/strong> Questo principio tutela le comunit\u00e0 del Lazio, gi\u00e0 gravate dalla presenza di una serie di impianti di trattamento e di smaltimento a servizio dell\u2019intero ATO, proprio per non penalizzare e non gravare con ulteriori carichi ambientali su quei territori, chiamando tutti responsabilmente a fare la propria parte\u201d.<\/p>\n<p><a href=\"http:\/\/www.consiglio.regione.lazio.it\/consiglio-regionale\/?vw=newsDettaglio&amp;id=2814#.XyukrSgzbIV\">GLI INTERVENTI DEI CONSIGLIERI<\/a><\/p>\n<p style=\"text-align: justify;\"><strong>TERMOVALORIZZATORI<\/strong> &#8211; Sulla questione dei termovalorizzatori, invece, la discussione \u00e8 stata innescata da una serie di emendamenti presentati (e respinti dall\u2019Aula) da Giuseppe Simeone. \u201cQuesto \u00e8 un punto importante per noi \u2013 ha detto il presidente del gruppo di Forza Italia nell\u2019illustrare le sue proposte emendative \u2013 per noi la termovalorizzazione chiude veramente il ciclo dei rifiuti nel Lazio\u201d. Per questo Simeone ha invitato la Giunta a \u201cdire come avete intenzione di trattare questa materia che esce dai Tmb\u201d. L\u2019assessore Valeriani ha replicato spiegando che \u201cquesto elemento della termovalorizzazione non ci convince. Lo abbiamo detto a pi\u00f9 riprese, le opinioni sono nettamente differenti. Noi abbiamo costruito un Piano che punta a marginalizzare sempre di pi\u00f9 gli impianti di smaltimento, termovalorizzazione e discariche, in cui abbiamo posto come obiettivo prioritario la riduzione dei rifiuti, l\u2019aumento della raccolta differenziata e, coerenti con le previsioni dell\u2019economia circolare, il recupero e il riuso. Da qui l\u2019opzione di riconversione di tutti i Tmb presenti nel Lazio, che dovranno diventare, come Colleferro, impianti che recuperano la materia. Meno rifiuti. Pi\u00f9 riciclo. Pi\u00f9 riuso. Meno quantit\u00e0 da portare a smaltimento\u201d, ha detto Valeriani.<\/p>\n<p>Al termine della seduta, il presidente Buschini ha comunicato all\u2019Aula che la Conferenza dei presidenti dei gruppi consiliari ha stabilito di rinviare a dopo la pausa estiva l\u2019esame degli ordini del giorno collegati alla proposta di deliberazione consiliare.<\/p>\n","protected":false},"excerpt":{"rendered":"<p>LATINA &#8211; Il Lazio ha il nuovo Piano regionale di gestione dei rifiuti. La proposta arrivata in aula ed emendata accogliendo 130 emendamenti (su 700 presentati) \u00e8 stata approvata a maggioranza. Restano gli Ato (gli Ambiti territoriali ottimali) su base provinciale. Roma dovr\u00e0 essere autosufficiente per quanto riguarda gli impianti di trattamento e di smaltimento [&hellip;]<\/p>\n","protected":false},"author":62,"featured_media":272648,"comment_status":"open","ping_status":"open","sticky":false,"template":"","format":"standard","meta":{"footnotes":""},"categories":[8],"tags":[],"class_list":["post-272647","post","type-post","status-publish","format-standard","has-post-thumbnail","hentry","category-politica"],"_links":{"self":[{"href":"https:\/\/www.radioluna.it\/news\/wp-json\/wp\/v2\/posts\/272647","targetHints":{"allow":["GET"]}}],"collection":[{"href":"https:\/\/www.radioluna.it\/news\/wp-json\/wp\/v2\/posts"}],"about":[{"href":"https:\/\/www.radioluna.it\/news\/wp-json\/wp\/v2\/types\/post"}],"author":[{"embeddable":true,"href":"https:\/\/www.radioluna.it\/news\/wp-json\/wp\/v2\/users\/62"}],"replies":[{"embeddable":true,"href":"https:\/\/www.radioluna.it\/news\/wp-json\/wp\/v2\/comments?post=272647"}],"version-history":[{"count":0,"href":"https:\/\/www.radioluna.it\/news\/wp-json\/wp\/v2\/posts\/272647\/revisions"}],"wp:featuredmedia":[{"embeddable":true,"href":"https:\/\/www.radioluna.it\/news\/wp-json\/wp\/v2\/media\/272648"}],"wp:attachment":[{"href":"https:\/\/www.radioluna.it\/news\/wp-json\/wp\/v2\/media?parent=272647"}],"wp:term":[{"taxonomy":"category","embeddable":true,"href":"https:\/\/www.radioluna.it\/news\/wp-json\/wp\/v2\/categories?post=272647"},{"taxonomy":"post_tag","embeddable":true,"href":"https:\/\/www.radioluna.it\/news\/wp-json\/wp\/v2\/tags?post=272647"}],"curies":[{"name":"wp","href":"https:\/\/api.w.org\/{rel}","templated":true}]}}