{"id":272659,"date":"2020-08-06T10:31:33","date_gmt":"2020-08-06T08:31:33","guid":{"rendered":"https:\/\/www.radioluna.it\/news\/?p=272659"},"modified":"2020-08-06T10:49:46","modified_gmt":"2020-08-06T08:49:46","slug":"cinque-5-ml-di-euro-per-migliorare-le-case-della-salute-di-aprilia-cori-e-minturno","status":"publish","type":"post","link":"https:\/\/www.radioluna.it\/news\/2020\/08\/cinque-5-ml-di-euro-per-migliorare-le-case-della-salute-di-aprilia-cori-e-minturno\/","title":{"rendered":"Cinque 5 ml di euro per migliorare le Case della Salute di Aprilia, Cori e Minturno"},"content":{"rendered":"<div id=\"fb-root\"><\/div>\n<p style=\"text-align: justify;\"><strong>LATINA<\/strong>\u00a0 &#8211; <strong>Quasi cinque milioni di euro per le Case della Salute di Aprilia, Cori e Minturno<\/strong>. E&#8217; lo stanziamento approvato poco fa dalla Giunta Regionale\u00a0 (4.650.000 euro) fra risorse statali e regionali. Le somme saranno ripartite cos\u00ec: 2.6500,00 euro per ampliamento casa della salute di Aprilia, 1,2 milioni per Cori e 800mila euro per Minturno.<\/p>\n<p style=\"text-align: justify;\">&#8220;Andranno a rafforzare quei servizi territoriali che la Regione reputa pi\u00f9 che mai essenziali per la salute delle comunit\u00e0 e per le fasce di popolazione meno inclini agli spostamenti per effettuare controlli e ricevere cure di base. Un ringraziamento va all\u2019assessorato alla sanit\u00e0 della Regione che in questi mesi ha dimostrato capacit\u00e0 e sensibilit\u00e0 molto spiccata verso le esigenze dei territori, anche a fronte di una grande emergenza come quella del Covid\u201d, dichiara in una nota il consigliere regionale del <b>PD Enrico Forte.<\/b><\/p>\n<p style=\"text-align: justify;\">&#8220;Un ulteriore importante tassello del potenziamento dell\u2019offerta sanitaria territoriale della nostra provincia. Una ulteriore conferma positiva del lavoro di squadra che stiamo svolgendo &#8211; sottolinea <strong>il consigliere regionale pontino Salvatore La Penna<\/strong>, aggiungendo che &#8220;con la prossima realizzazione dell\u2019Ospedale del Golfo a Formia, il lavoro preparatorio verso il progetto del nuovo ospedale di Latina, l\u2019ulteriore potenziamento dei presidi ospedalieri e elle Case della Salute gi\u00e0 istituite, si profila una fase di cambiamento importante per la sanit\u00e0 pontina. C\u2019\u00e8 ancora tanto da lavorare e molto da migliorare; ma siamo sulla strada giusta&#8221;, conclude La Penna ringraziando per il lavoro svolto\u00a0 anche &#8220;i sindaci e gli amministratori del territorio per la collaborazione e la determinazione con cui hanno accompagnato e stanno accompagnando questo percorso&#8221;.<\/p>\n","protected":false},"excerpt":{"rendered":"<p>LATINA\u00a0 &#8211; Quasi cinque milioni di euro per le Case della Salute di Aprilia, Cori e Minturno. E&#8217; lo stanziamento approvato poco fa dalla Giunta Regionale\u00a0 (4.650.000 euro) fra risorse statali e regionali. Le somme saranno ripartite cos\u00ec: 2.6500,00 euro per ampliamento casa della salute di Aprilia, 1,2 milioni per Cori e 800mila euro per [&hellip;]<\/p>\n","protected":false},"author":62,"featured_media":259551,"comment_status":"open","ping_status":"open","sticky":false,"template":"","format":"standard","meta":{"footnotes":""},"categories":[2616],"tags":[],"class_list":["post-272659","post","type-post","status-publish","format-standard","has-post-thumbnail","hentry","category-sanita"],"_links":{"self":[{"href":"https:\/\/www.radioluna.it\/news\/wp-json\/wp\/v2\/posts\/272659","targetHints":{"allow":["GET"]}}],"collection":[{"href":"https:\/\/www.radioluna.it\/news\/wp-json\/wp\/v2\/posts"}],"about":[{"href":"https:\/\/www.radioluna.it\/news\/wp-json\/wp\/v2\/types\/post"}],"author":[{"embeddable":true,"href":"https:\/\/www.radioluna.it\/news\/wp-json\/wp\/v2\/users\/62"}],"replies":[{"embeddable":true,"href":"https:\/\/www.radioluna.it\/news\/wp-json\/wp\/v2\/comments?post=272659"}],"version-history":[{"count":0,"href":"https:\/\/www.radioluna.it\/news\/wp-json\/wp\/v2\/posts\/272659\/revisions"}],"wp:featuredmedia":[{"embeddable":true,"href":"https:\/\/www.radioluna.it\/news\/wp-json\/wp\/v2\/media\/259551"}],"wp:attachment":[{"href":"https:\/\/www.radioluna.it\/news\/wp-json\/wp\/v2\/media?parent=272659"}],"wp:term":[{"taxonomy":"category","embeddable":true,"href":"https:\/\/www.radioluna.it\/news\/wp-json\/wp\/v2\/categories?post=272659"},{"taxonomy":"post_tag","embeddable":true,"href":"https:\/\/www.radioluna.it\/news\/wp-json\/wp\/v2\/tags?post=272659"}],"curies":[{"name":"wp","href":"https:\/\/api.w.org\/{rel}","templated":true}]}}