{"id":272686,"date":"2020-08-06T15:29:40","date_gmt":"2020-08-06T13:29:40","guid":{"rendered":"https:\/\/www.radioluna.it\/news\/?p=272686"},"modified":"2020-08-06T15:30:33","modified_gmt":"2020-08-06T13:30:33","slug":"finanziate-le-case-della-salute-di-cori-e-minturno-la-asl-latina-cosi-cresce-il-servizio-al-cittadino","status":"publish","type":"post","link":"https:\/\/www.radioluna.it\/news\/2020\/08\/finanziate-le-case-della-salute-di-cori-e-minturno-la-asl-latina-cosi-cresce-il-servizio-al-cittadino\/","title":{"rendered":"Finanziate le Case della Salute di Cori e Minturno, la Asl Latina: &#8220;Cos\u00ec cresce il servizio al cittadino&#8221;"},"content":{"rendered":"<div id=\"fb-root\"><\/div>\n<p style=\"text-align: justify;\"><strong>LATINA<\/strong> &#8211; &#8220;L\u2019approvazione del finanziamento richiesto dalla ASL di Latina, d\u00e0 il via libera alla realizzazione delle Case della Salute di Cori e Minturno e all\u2019ampliamento di quella di Aprilia. Si tratta di uno dei tasselli fondamentali nella strategia di potenziamento nella provincia di Latina, dell\u2019assistenza territoriale&#8221;. E&#8217; quanto spiega \u00a0in una nota il direttore generale dell&#8217;azienda sanitaria, Giorgio Casati dopo aver ricevuto notizia di uno stanziamento di risorse di 4 milioni e 650mila euro.<br \/>\n<strong>IL PUNTO<\/strong> &#8211; Tre Case della Salute sono gi\u00e0 in funzione: &#8220;Sezze, a breve dotata anche dell\u2019apparecchiatura (gi\u00e0 ordinata) per la diagnostica per immagini tradizionale, Aprilia, il cui ampliamento consentir\u00e0 di arricchire l\u2019offerta sanitaria locale e Priverno che, sebbene in fase di completamento (si prevede che i lavori potranno terminare entro la fine del mese di settembre per accogliere i servizi ancora ubicati nella sede dell\u2019ex ospedale) \u00e8 gi\u00e0 operativa per<br \/>\nriabilitazione, specialistica, UCP e PAT. Per altre due, Gaeta e Sabaudia, si \u00e8 in dirittura d\u2019arrivo per la progettazione esecutiva, prevista per la met\u00e0 del mese di settembre, e quindi procedere, dopo le necessarie approvazioni, all\u2019affidamento dei lavori. Le future Case della Salute di Cori e Minturno, pertanto, consentono di arricchire un sistema di offerta che vuole essere sempre pi\u00f9 vicino al cittadino in ottica di prossimit\u00e0, capace di prendere in carico i pazienti cronici e di seguirli anche con l\u2019ausilio della telemedicina e del Programma +VITA&#8221;.<br \/>\n<strong>IL PROGETTO VA AVANTI\u00a0<\/strong> &#8211; Ma non \u00e8 tutto. Nel programma della Asl c&#8217;\u00e8 anche la realizzazione della Casa della Salute di Cisterna di Latina.\u00a0 &#8220;Non va dimenticato che, gi\u00e0 oggi, il Poliambulatorio di Piazza Celli in Latina, ha tutte le caratteristiche, fatta eccezione per la presenza della UCP, per essere riconosciuta come Casa della Salute e che, presso i presidi ospedalieri di Fondi e Terracina, nei quali gi\u00e0 sono presenti le UCP all\u2019interno degli spazi dedicati alle attivit\u00e0 dell\u2019Assistenza Primaria, potrebbero essere riconosciute anch\u2019esse come Case della Salute&#8221;, sottolinea la Asl descrivendo il disegno complessivo di riforma avviato con Sezze, e assicurando che &#8220;ogni Casa della Salute sar\u00e0 dotata della tecnologia per la telemedicina ed essere, in tal modo, un nodo di raccordo della rete di offerta sanitaria provinciale affinch\u00e9 il cittadino, entrando in un qualsiasi ambulatorio medico della Provincia, possa disporre dell\u2019intero set di prestazioni cliniche e diagnostiche della ASL&#8221;, mentre all\u2019interno delle Case della Salute &#8220;un ruolo importante sar\u00e0 riconosciuto ai PAT, la cui mission sar\u00e0 anche finalizzata alla gestione dei fenomeni di riacutizzazione nei pazienti cronici e di una sede della Centrale di Coordinamento Territoriale (CCT).<\/p>\n<p style=\"text-align: justify;\"><strong>UN CAMMINO CHE RICHIEDE TEMPO MA LA STRADA E&#8217; TRACCIATA <\/strong>&#8211; \u201cIl cammino da compiere per cambiare il volto della sanit\u00e0 Pontina richiede ovviamente ancora tempo \u2013 dichiara Giorgio Casati, Direttore Generale Asl Latina \u2013 La realizzazione delle nuove strutture, necessita di tempi difficilmente comprimibili, cos\u00ec come il cambio di passo che dovr\u00e0 essere fatto nei modelli organizzativi e per entrare pienamente nella gestione della telemedicina. La strada, tuttavia \u00e8 tracciata: due nuovi ospedali e sette Case della Salute, pi\u00f9 una ancora da definire, sono un patrimonio importante. Gli investimenti programmati testimoniano, in modo inconfutabile, l\u2019attenzione che il Presidente Zingaretti e l\u2019Assessore D\u2019Amato stanno dedicando al nostro territorio oltre all\u2019estrema seriet\u00e0 nel dar seguito agli impegni assunti\u201d.<\/p>\n","protected":false},"excerpt":{"rendered":"<p>LATINA &#8211; &#8220;L\u2019approvazione del finanziamento richiesto dalla ASL di Latina, d\u00e0 il via libera alla realizzazione delle Case della Salute di Cori e Minturno e all\u2019ampliamento di quella di Aprilia. Si tratta di uno dei tasselli fondamentali nella strategia di potenziamento nella provincia di Latina, dell\u2019assistenza territoriale&#8221;. E&#8217; quanto spiega \u00a0in una nota il direttore [&hellip;]<\/p>\n","protected":false},"author":62,"featured_media":262822,"comment_status":"open","ping_status":"open","sticky":false,"template":"","format":"standard","meta":{"footnotes":""},"categories":[2616],"tags":[],"class_list":["post-272686","post","type-post","status-publish","format-standard","has-post-thumbnail","hentry","category-sanita"],"_links":{"self":[{"href":"https:\/\/www.radioluna.it\/news\/wp-json\/wp\/v2\/posts\/272686","targetHints":{"allow":["GET"]}}],"collection":[{"href":"https:\/\/www.radioluna.it\/news\/wp-json\/wp\/v2\/posts"}],"about":[{"href":"https:\/\/www.radioluna.it\/news\/wp-json\/wp\/v2\/types\/post"}],"author":[{"embeddable":true,"href":"https:\/\/www.radioluna.it\/news\/wp-json\/wp\/v2\/users\/62"}],"replies":[{"embeddable":true,"href":"https:\/\/www.radioluna.it\/news\/wp-json\/wp\/v2\/comments?post=272686"}],"version-history":[{"count":0,"href":"https:\/\/www.radioluna.it\/news\/wp-json\/wp\/v2\/posts\/272686\/revisions"}],"wp:featuredmedia":[{"embeddable":true,"href":"https:\/\/www.radioluna.it\/news\/wp-json\/wp\/v2\/media\/262822"}],"wp:attachment":[{"href":"https:\/\/www.radioluna.it\/news\/wp-json\/wp\/v2\/media?parent=272686"}],"wp:term":[{"taxonomy":"category","embeddable":true,"href":"https:\/\/www.radioluna.it\/news\/wp-json\/wp\/v2\/categories?post=272686"},{"taxonomy":"post_tag","embeddable":true,"href":"https:\/\/www.radioluna.it\/news\/wp-json\/wp\/v2\/tags?post=272686"}],"curies":[{"name":"wp","href":"https:\/\/api.w.org\/{rel}","templated":true}]}}