{"id":272718,"date":"2020-08-06T19:43:08","date_gmt":"2020-08-06T17:43:08","guid":{"rendered":"https:\/\/www.radioluna.it\/news\/?p=272718"},"modified":"2020-08-06T19:48:16","modified_gmt":"2020-08-06T17:48:16","slug":"terracina-piazza-berlinguer-almirante-lidea-bipartisan-non-piace-ai-figli-del-leader-pci","status":"publish","type":"post","link":"https:\/\/www.radioluna.it\/news\/2020\/08\/terracina-piazza-berlinguer-almirante-lidea-bipartisan-non-piace-ai-figli-del-leader-pci\/","title":{"rendered":"Terracina, Piazza Berlinguer-Almirante, l&#8217;idea bipartisan non piace ai figli del leader Pci"},"content":{"rendered":"<div id=\"fb-root\"><\/div>\n<p style=\"text-align: justify;\"><strong>TERRACINA &#8211; &#8220;Non condividiamo la scelta di intitolare una piazza del Comune di Terracina a Enrico Berlinguer e Giorgio Almirante&#8221;.<\/strong> Arriva dopo alcuni giorni di attesa il no dei figli dello storico e illuminato leader del Pci scomparso l\u201911 giugno 1984.\u00a0 <strong>In una nota, i figli Bianca, Maria, Marco e Laura Berlinguer<\/strong> spiegano che &#8220;\u00e8 sicuramente un\u2019importante acquisizione della nostra civilt\u00e0 e del pensiero democratico il rispetto per l\u2019avversario, cos\u00ec spesso oggi dimenticato. Ma riconoscere l\u2019avversario e non considerarlo come un nemico deve avvenire a partire dalla consapevolezza delle differenze profonde e non cancellabili tra le diverse storie, le culture politiche, le identit\u00e0 personali e i percorsi esistenziali e ideologici&#8221;.<\/p>\n<p style=\"text-align: justify;\">All&#8221;idea &#8220;bipartisan&#8221; della maggioranza, spiegata nei giorni scorsi dall&#8217;ex sindaco e europarlamentare Nicola Procaccini come &#8220;atto di pacificazione&#8221; e tenuto conto dei rapporti tra i due opposti leader, rispode\u00a0 la famiglia Berlinguer spiegando: &#8220;Non dimenticheremo mai quell\u2019atto indubbiamente nobile compiuto da Giorgio Almirante quando si rec\u00f2 da solo a rendere omaggio a pap\u00e0 nella camera ardente allestita nella sede del Pci a Botteghe Oscure, ma perch\u00e9 mai confondere due personalit\u00e0 cos\u00ec diverse che si sono combattute su fronti che sono e restano antagonisti? <strong>Si<\/strong> <strong>rischierebbe di contribuire a un processo, che riteniamo nefasto, di azzeramento della storia e della memoria<\/strong>\u00bb.<\/p>\n","protected":false},"excerpt":{"rendered":"<p>TERRACINA &#8211; &#8220;Non condividiamo la scelta di intitolare una piazza del Comune di Terracina a Enrico Berlinguer e Giorgio Almirante&#8221;. Arriva dopo alcuni giorni di attesa il no dei figli dello storico e illuminato leader del Pci scomparso l\u201911 giugno 1984.\u00a0 In una nota, i figli Bianca, Maria, Marco e Laura Berlinguer spiegano che &#8220;\u00e8 [&hellip;]<\/p>\n","protected":false},"author":62,"featured_media":272719,"comment_status":"open","ping_status":"open","sticky":false,"template":"","format":"standard","meta":{"footnotes":""},"categories":[8],"tags":[],"class_list":["post-272718","post","type-post","status-publish","format-standard","has-post-thumbnail","hentry","category-politica"],"_links":{"self":[{"href":"https:\/\/www.radioluna.it\/news\/wp-json\/wp\/v2\/posts\/272718","targetHints":{"allow":["GET"]}}],"collection":[{"href":"https:\/\/www.radioluna.it\/news\/wp-json\/wp\/v2\/posts"}],"about":[{"href":"https:\/\/www.radioluna.it\/news\/wp-json\/wp\/v2\/types\/post"}],"author":[{"embeddable":true,"href":"https:\/\/www.radioluna.it\/news\/wp-json\/wp\/v2\/users\/62"}],"replies":[{"embeddable":true,"href":"https:\/\/www.radioluna.it\/news\/wp-json\/wp\/v2\/comments?post=272718"}],"version-history":[{"count":0,"href":"https:\/\/www.radioluna.it\/news\/wp-json\/wp\/v2\/posts\/272718\/revisions"}],"wp:featuredmedia":[{"embeddable":true,"href":"https:\/\/www.radioluna.it\/news\/wp-json\/wp\/v2\/media\/272719"}],"wp:attachment":[{"href":"https:\/\/www.radioluna.it\/news\/wp-json\/wp\/v2\/media?parent=272718"}],"wp:term":[{"taxonomy":"category","embeddable":true,"href":"https:\/\/www.radioluna.it\/news\/wp-json\/wp\/v2\/categories?post=272718"},{"taxonomy":"post_tag","embeddable":true,"href":"https:\/\/www.radioluna.it\/news\/wp-json\/wp\/v2\/tags?post=272718"}],"curies":[{"name":"wp","href":"https:\/\/api.w.org\/{rel}","templated":true}]}}