{"id":272985,"date":"2020-08-08T12:55:24","date_gmt":"2020-08-08T10:55:24","guid":{"rendered":"https:\/\/www.radioluna.it\/news\/?p=272985"},"modified":"2020-08-10T06:08:10","modified_gmt":"2020-08-10T04:08:10","slug":"covid-19-4-nuovi-casi-ad-aprilia-pontinia-e-lenola","status":"publish","type":"post","link":"https:\/\/www.radioluna.it\/news\/2020\/08\/covid-19-4-nuovi-casi-ad-aprilia-pontinia-e-lenola\/","title":{"rendered":"Covid-19, 4 nuovi casi ad Aprilia, Pontinia e Lenola"},"content":{"rendered":"<div id=\"fb-root\"><\/div>\n<p style=\"text-align: justify;\"><strong>LATINA &#8211;<\/strong> I contagi da Covid-19 non si fermano e oggi si registrano quattro nuovi casi rispetto alla giornata di ieri: due ad Aprilia, uno a Pontinia e uno a Lenola. Due sono stati ricoverati in ospedale per la severit\u00e0 dei sintomi.<br \/>\nI casi totali raggiungono il numero di 621 (indice di prevalenza a 10,80),\u00a0 532 sono i guariti fin ad oggi. Non ci sono stati nuovi decessi e i positivi attivi sono 52.<\/p>\n<p style=\"text-align: justify;\">A questo conteggio vanno aggiunti perch\u00e9 restano in gestione alla Asl di Latina i tredici contagiati tra i migranti arrivati da Lampedusa, ospitati presso l&#8217;ex Rossi Sud. Anche per l&#8217;unico inizialmente seguito in ospedale \u00e8 stato disposto ieri il rientro nella struttura sulla via dei Monti Lepini dove del gruppo iniziale di 55 sono rimaste solo le persone risultate positive al tampone.<\/p>\n<p style=\"text-align: justify;\">Sono in corso le indagini epidemiologiche di ricerca dei contatti per i casi individuati.<\/p>\n<p style=\"text-align: justify;\"><strong>Resta chiuso ancora per oggi il Palafitness,<\/strong> ne ha dato notizia il titolare. La sanificazione dei locali e delle attrezzature \u00e8 gi\u00e0 stata effettuata, la riapertura \u00e8 prevista per la tarda mattinata di luned\u00ec.&#8221;<strong>Esprimiamo solidariet\u00e0 alla ragazza, la gogna mediatica non ci piace&#8221;.<\/strong><\/p>\n<p><!-- Embedded with Magic Embeds - https:\/\/magicembeds.com --><\/p>\n<div class=\"wef-measure\" style=\"max-width: 1000px;\"><\/div>\n<div class=\"fb-video\" data-href=\"https:\/\/www.facebook.com\/palafitness\/videos\/307971696986666\/\" data-allowfullscreen=\"false\" data-autoplay=\"false\" data-width=\"1000\" data-show-text=\"false\" data-show-captions=\"true\"><\/div>\n","protected":false},"excerpt":{"rendered":"<p>LATINA &#8211; I contagi da Covid-19 non si fermano e oggi si registrano quattro nuovi casi rispetto alla giornata di ieri: due ad Aprilia, uno a Pontinia e uno a Lenola. Due sono stati ricoverati in ospedale per la severit\u00e0 dei sintomi. I casi totali raggiungono il numero di 621 (indice di prevalenza a 10,80),\u00a0 [&hellip;]<\/p>\n","protected":false},"author":62,"featured_media":267448,"comment_status":"open","ping_status":"open","sticky":false,"template":"","format":"standard","meta":{"footnotes":""},"categories":[2616],"tags":[],"class_list":["post-272985","post","type-post","status-publish","format-standard","has-post-thumbnail","hentry","category-sanita"],"_links":{"self":[{"href":"https:\/\/www.radioluna.it\/news\/wp-json\/wp\/v2\/posts\/272985","targetHints":{"allow":["GET"]}}],"collection":[{"href":"https:\/\/www.radioluna.it\/news\/wp-json\/wp\/v2\/posts"}],"about":[{"href":"https:\/\/www.radioluna.it\/news\/wp-json\/wp\/v2\/types\/post"}],"author":[{"embeddable":true,"href":"https:\/\/www.radioluna.it\/news\/wp-json\/wp\/v2\/users\/62"}],"replies":[{"embeddable":true,"href":"https:\/\/www.radioluna.it\/news\/wp-json\/wp\/v2\/comments?post=272985"}],"version-history":[{"count":0,"href":"https:\/\/www.radioluna.it\/news\/wp-json\/wp\/v2\/posts\/272985\/revisions"}],"wp:featuredmedia":[{"embeddable":true,"href":"https:\/\/www.radioluna.it\/news\/wp-json\/wp\/v2\/media\/267448"}],"wp:attachment":[{"href":"https:\/\/www.radioluna.it\/news\/wp-json\/wp\/v2\/media?parent=272985"}],"wp:term":[{"taxonomy":"category","embeddable":true,"href":"https:\/\/www.radioluna.it\/news\/wp-json\/wp\/v2\/categories?post=272985"},{"taxonomy":"post_tag","embeddable":true,"href":"https:\/\/www.radioluna.it\/news\/wp-json\/wp\/v2\/tags?post=272985"}],"curies":[{"name":"wp","href":"https:\/\/api.w.org\/{rel}","templated":true}]}}