{"id":273086,"date":"2020-08-10T18:29:43","date_gmt":"2020-08-10T16:29:43","guid":{"rendered":"https:\/\/www.radioluna.it\/news\/?p=273086"},"modified":"2020-08-11T20:57:57","modified_gmt":"2020-08-11T18:57:57","slug":"asili-nido-la-regione-lazio-emana-le-misure-anti-covid-19-si-riapre-il-1-settembre","status":"publish","type":"post","link":"https:\/\/www.radioluna.it\/news\/2020\/08\/asili-nido-la-regione-lazio-emana-le-misure-anti-covid-19-si-riapre-il-1-settembre\/","title":{"rendered":"Asili nido, la Regione Lazio emana le misure anti covid-19: si riapre il 1\u00b0 settembre"},"content":{"rendered":"<div id=\"fb-root\"><\/div>\n<p style=\"text-align: justify;\">Sulla scia di quelle nazionali, la Regione Lazio ha approvato le Linee guida anti-Covid19 per i servizi educativi per l\u2019infanzia (fascia 0-3 anni):<strong> gli asili nido potranno riaprire dal 1\u00b0 settembre<\/strong><em>.<\/em> Lo scopo del provvedimento\u00a0 &#8211; spiegano dall&#8217;Ente &#8211; \u00e8 permettere di organizzare gli ambienti al fine di ridurre al minimo il rischio di contagio fra i bambini nonch\u00e9 fra di loro e il personale, educativo e non. La durata \u00e8 fissata fino alla durata dello stato di emergenza, salvo ulteriori proroghe e salvo l\u2019attivit\u00e0 di monitoraggio trimestrale\u00a0 legata all\u2019andamento della curva epidemiologica.<\/p>\n<p style=\"text-align: justify;\">\u201cI pi\u00f9 piccoli \u2013 spiega <strong>l\u2019assessora Alessandra Troncarelli<\/strong> &#8211; hanno sofferto in maniera ancora pi\u00f9 pesante le conseguenze del lockdown. La Regione Lazio nelle ultime settimane ha lavorato con un obiettivo chiaro: ripartire proprio da loro. Lo abbiamo fatto gi\u00e0 in piena emergenza, con uno stanziamento straordinario di 14 milioni di euro in favore dei nidi per sostenere i costi di gestione e rimodulare i servizi sospesi, in vista della riapertura. Sar\u00e0 fondamentale la collaborazione dei genitori, del personale, dei pediatri e dei medici di famiglia oltre che delle Asl e dei Comuni al fine di prevenire e contenere una possibile recrudescenza del virus\u201d.<\/p>\n<p style=\"text-align: justify;\"><strong>LE LINEE GUIDA IN SINTESI<\/strong> &#8211; Ecco cosa prevedono, in sintesi, le linee guida: la rigorosa e frequente<strong> igiene delle mani<\/strong> con acqua e sapone o soluzione idroalcolica; una <strong>approfondita pulizia giornaliera degli ambienti<\/strong>; <strong>l\u2019accesso e l\u2019uscita su turni<\/strong>; la tenuta di un registro giornaliero degli ingressi. \u00c8 prevista la <strong>rilevazione quotidiana della temperatura corporea<\/strong> per tutti i bambini, gli operatori e gli accompagnatori. In caso di temperatura corporea superiore ai\u00a0 37,5\u00b0C o di sintomi febbrili e\/o respiratori e\/o gastrontestinali riconducibili all\u2019infezione da Covid-19, del bambino o del genitore\/accompagnatore, il bambino non potr\u00e0 accedere alla struttura.<\/p>\n<p style=\"text-align: justify;\"><strong>I servizi dovranno essere organizzati in piccoli gruppi e il rapporto \u00e8 di 1 educatore ogni 7 bambini.<\/strong> Dovranno essere preferite le attivit\u00e0 all\u2019aria aperta. <strong>Il personale dovr\u00e0 essere sottoposto a test sierologico<\/strong> prima dell\u2019inizio dell\u2019anno educativo ed \u00e8 tenuto a <strong>indossare la mascherina all\u2019interno della struttura<\/strong>. Tutte le indicazioni riportate nelle linee guida devono intendersi come integrazioni alle raccomandazioni di distanziamento sociale e igienico-comportamentali, finalizzate a contrastare la diffusione di SARS-CoV-2 in tutti i contesti di vita sociale.<\/p>\n<p style=\"text-align: justify;\">\u201cAbbiamo definito \u2013 aggiunge \u2013 indicazioni chiare e precise affinch\u00e9 i bambini possano tornare negli asili in totale sicurezza, per loro, per le famiglie e per tutto il personale impiegato. I pi\u00f9 piccoli da settembre avranno di nuovo l\u2019opportunit\u00e0 di giocare e crescere insieme, sperimentando momenti di socialit\u00e0 importanti per una crescita sana ed equilibrata. \u00c8 un loro diritto ed \u00e8 un dovere delle istituzioni impegnarsi perch\u00e9 sia cos\u00ec\u201d.<\/p>\n","protected":false},"excerpt":{"rendered":"<p>Sulla scia di quelle nazionali, la Regione Lazio ha approvato le Linee guida anti-Covid19 per i servizi educativi per l\u2019infanzia (fascia 0-3 anni): gli asili nido potranno riaprire dal 1\u00b0 settembre. Lo scopo del provvedimento\u00a0 &#8211; spiegano dall&#8217;Ente &#8211; \u00e8 permettere di organizzare gli ambienti al fine di ridurre al minimo il rischio di contagio [&hellip;]<\/p>\n","protected":false},"author":62,"featured_media":108393,"comment_status":"open","ping_status":"open","sticky":false,"template":"","format":"standard","meta":{"footnotes":""},"categories":[7],"tags":[],"class_list":["post-273086","post","type-post","status-publish","format-standard","has-post-thumbnail","hentry","category-cronaca"],"_links":{"self":[{"href":"https:\/\/www.radioluna.it\/news\/wp-json\/wp\/v2\/posts\/273086","targetHints":{"allow":["GET"]}}],"collection":[{"href":"https:\/\/www.radioluna.it\/news\/wp-json\/wp\/v2\/posts"}],"about":[{"href":"https:\/\/www.radioluna.it\/news\/wp-json\/wp\/v2\/types\/post"}],"author":[{"embeddable":true,"href":"https:\/\/www.radioluna.it\/news\/wp-json\/wp\/v2\/users\/62"}],"replies":[{"embeddable":true,"href":"https:\/\/www.radioluna.it\/news\/wp-json\/wp\/v2\/comments?post=273086"}],"version-history":[{"count":0,"href":"https:\/\/www.radioluna.it\/news\/wp-json\/wp\/v2\/posts\/273086\/revisions"}],"wp:featuredmedia":[{"embeddable":true,"href":"https:\/\/www.radioluna.it\/news\/wp-json\/wp\/v2\/media\/108393"}],"wp:attachment":[{"href":"https:\/\/www.radioluna.it\/news\/wp-json\/wp\/v2\/media?parent=273086"}],"wp:term":[{"taxonomy":"category","embeddable":true,"href":"https:\/\/www.radioluna.it\/news\/wp-json\/wp\/v2\/categories?post=273086"},{"taxonomy":"post_tag","embeddable":true,"href":"https:\/\/www.radioluna.it\/news\/wp-json\/wp\/v2\/tags?post=273086"}],"curies":[{"name":"wp","href":"https:\/\/api.w.org\/{rel}","templated":true}]}}